{"id":151987,"date":"2023-05-19T08:39:32","date_gmt":"2023-05-19T06:39:32","guid":{"rendered":"https:\/\/up.lublin.pl\/agrobio\/?p=151987"},"modified":"2023-05-19T08:39:32","modified_gmt":"2023-05-19T06:39:32","slug":"invitation-to-the-cycle-of-lectures-within-the-open-seminar-3","status":"publish","type":"post","link":"https:\/\/up.lublin.pl\/agrobio\/invitation-to-the-cycle-of-lectures-within-the-open-seminar-3\/","title":{"rendered":"Invitation to the cycle of lectures within the \u201eOpen Seminar\u201d"},"content":{"rendered":"<p style=\"text-align: justify\">Wydzia\u0142 Agrobioin\u017cynierii Uniwersytetu Przyrodniczego w Lublinie serdecznie zaprasza student\u00f3w, doktorant\u00f3w oraz pracownik\u00f3w na otwarte seminarium \u201eOpen Seminar\u201d prowadzone w j\u0119zyku angielskim, w ramach kt\u00f3rego wyg\u0142oszony zostanie cykl wyk\u0142ad\u00f3w popularnonaukowych.<\/p>\n<p style=\"text-align: justify\">Wyk\u0142ady prowadzone w ramach \u201eOpen Seminar\u201d b\u0119d\u0105 si\u0119 odbywa\u0107 si\u0119 zgodnie z harmonogramem podanym poni\u017cej. Serdecznie zapraszamy!<\/p>\n<p>&nbsp;<\/p>\n<p><strong>Assoc. Prof. Dr. Orhan CENGIZ <\/strong><\/p>\n<p><strong>\u00c7ukurova University,\u00a0 Pozant\u0131 Vocational School, Department of Accounting and Taxation<\/strong><\/p>\n<p>Temat wyk\u0142adu: <strong><em>Turkish Economy and Comparison of Regional Development between Turkey and Poland<\/em><\/strong><\/p>\n<p>Termin i miejsce wyk\u0142adu: <strong>wtorek 23.05.2023, godz. 9.45 w sali nr 55, Dobrza\u0144skiego 37 <\/strong>(Katedra Ekonomii i Agrobiznesu)<\/p>\n<p>&nbsp;<\/p>\n<p>&nbsp;<\/p>\n<p><strong><u>Assoc. Prof. Dr. Erdin\u00e7 BALLI<\/u><\/strong><\/p>\n<p><strong><u>\u00c7ukurova University,\u00a0 Pozant\u0131 Vocational School, Department of Accounting and Taxation<\/u><\/strong><\/p>\n<p>Temat wyk\u0142adu: <strong><em>Tourism Economics<\/em><\/strong><\/p>\n<p>Termin i miejsce wyk\u0142adu: <strong>\u015broda 24.05.2023, godz. 12.30, w sali nr 55, Dobrza\u0144skiego 37 <\/strong>(Katedra Ekonomii i Agrobiznesu)<\/p>\n","protected":false},"excerpt":{"rendered":"<p>Wydzia\u0142 Agrobioin\u017cynierii Uniwersytetu Przyrodniczego w Lublinie serdecznie zaprasza student\u00f3w, doktorant\u00f3w oraz pracownik\u00f3w na otwarte seminarium \u201eOpen Seminar\u201d prowadzone w j\u0119zyku angielskim, w ramach kt\u00f3rego wyg\u0142oszony zostanie cykl wyk\u0142ad\u00f3w popularnonaukowych. Wyk\u0142ady prowadzone w ramach \u201eOpen Seminar\u201d b\u0119d\u0105 si\u0119 odbywa\u0107 si\u0119 zgodnie z harmonogramem podanym poni\u017cej. Serdecznie zapraszamy! &nbsp; Assoc. Prof. Dr. Orhan CENGIZ \u00c7ukurova University,\u00a0 Pozant\u0131 [&hellip;]<\/p>\n","protected":false},"author":207,"featured_media":0,"comment_status":"closed","ping_status":"closed","sticky":false,"template":"","format":"standard","meta":{"_monsterinsights_skip_tracking":false,"_monsterinsights_sitenote_active":false,"_monsterinsights_sitenote_note":"","_monsterinsights_sitenote_category":0},"categories":[12],"tags":[],"_links":{"self":[{"href":"https:\/\/up.lublin.pl\/agrobio\/wp-json\/wp\/v2\/posts\/151987"}],"collection":[{"href":"https:\/\/up.lublin.pl\/agrobio\/wp-json\/wp\/v2\/posts"}],"about":[{"href":"https:\/\/up.lublin.pl\/agrobio\/wp-json\/wp\/v2\/types\/post"}],"author":[{"embeddable":true,"href":"https:\/\/up.lublin.pl\/agrobio\/wp-json\/wp\/v2\/users\/207"}],"replies":[{"embeddable":true,"href":"https:\/\/up.lublin.pl\/agrobio\/wp-json\/wp\/v2\/comments?post=151987"}],"version-history":[{"count":2,"href":"https:\/\/up.lublin.pl\/agrobio\/wp-json\/wp\/v2\/posts\/151987\/revisions"}],"predecessor-version":[{"id":151989,"href":"https:\/\/up.lublin.pl\/agrobio\/wp-json\/wp\/v2\/posts\/151987\/revisions\/151989"}],"wp:attachment":[{"href":"https:\/\/up.lublin.pl\/agrobio\/wp-json\/wp\/v2\/media?parent=151987"}],"wp:term":[{"taxonomy":"category","embeddable":true,"href":"https:\/\/up.lublin.pl\/agrobio\/wp-json\/wp\/v2\/categories?post=151987"},{"taxonomy":"post_tag","embeddable":true,"href":"https:\/\/up.lublin.pl\/agrobio\/wp-json\/wp\/v2\/tags?post=151987"}],"curies":[{"name":"wp","href":"https:\/\/api.w.org\/{rel}","templated":true}]}}