{"id":151931,"date":"2023-05-08T13:38:38","date_gmt":"2023-05-08T11:38:38","guid":{"rendered":"https:\/\/up.lublin.pl\/agrobio\/?p=151931"},"modified":"2023-05-08T13:38:38","modified_gmt":"2023-05-08T11:38:38","slug":"wyklad-otwarty-pana-rafala-sosnowskiego-pt-zastosowanie-nowoczesnych-technologii-do-pozyskiwania-i-przetwarzania-danych-w-lesnictwie","status":"publish","type":"post","link":"https:\/\/up.lublin.pl\/agrobio\/wyklad-otwarty-pana-rafala-sosnowskiego-pt-zastosowanie-nowoczesnych-technologii-do-pozyskiwania-i-przetwarzania-danych-w-lesnictwie\/","title":{"rendered":"Wyk\u0142ad otwarty Pana Rafa\u0142a Sosnowskiego pt.: Zastosowanie nowoczesnych technologii do pozyskiwania i przetwarzania danych w le\u015bnictwie\u201d"},"content":{"rendered":"<p><img loading=\"lazy\" class=\"alignnone wp-image-151932\" src=\"https:\/\/up.lublin.pl\/agrobio\/wp-content\/uploads\/sites\/2\/2023\/05\/Wyklad-otwarty-zaproszenie.png\" alt=\"\" width=\"530\" height=\"750\" \/><\/p>\n","protected":false},"excerpt":{"rendered":"","protected":false},"author":207,"featured_media":0,"comment_status":"closed","ping_status":"closed","sticky":false,"template":"","format":"standard","meta":{"_monsterinsights_skip_tracking":false,"_monsterinsights_sitenote_active":false,"_monsterinsights_sitenote_note":"","_monsterinsights_sitenote_category":0},"categories":[12],"tags":[],"_links":{"self":[{"href":"https:\/\/up.lublin.pl\/agrobio\/wp-json\/wp\/v2\/posts\/151931"}],"collection":[{"href":"https:\/\/up.lublin.pl\/agrobio\/wp-json\/wp\/v2\/posts"}],"about":[{"href":"https:\/\/up.lublin.pl\/agrobio\/wp-json\/wp\/v2\/types\/post"}],"author":[{"embeddable":true,"href":"https:\/\/up.lublin.pl\/agrobio\/wp-json\/wp\/v2\/users\/207"}],"replies":[{"embeddable":true,"href":"https:\/\/up.lublin.pl\/agrobio\/wp-json\/wp\/v2\/comments?post=151931"}],"version-history":[{"count":1,"href":"https:\/\/up.lublin.pl\/agrobio\/wp-json\/wp\/v2\/posts\/151931\/revisions"}],"predecessor-version":[{"id":151936,"href":"https:\/\/up.lublin.pl\/agrobio\/wp-json\/wp\/v2\/posts\/151931\/revisions\/151936"}],"wp:attachment":[{"href":"https:\/\/up.lublin.pl\/agrobio\/wp-json\/wp\/v2\/media?parent=151931"}],"wp:term":[{"taxonomy":"category","embeddable":true,"href":"https:\/\/up.lublin.pl\/agrobio\/wp-json\/wp\/v2\/categories?post=151931"},{"taxonomy":"post_tag","embeddable":true,"href":"https:\/\/up.lublin.pl\/agrobio\/wp-json\/wp\/v2\/tags?post=151931"}],"curies":[{"name":"wp","href":"https:\/\/api.w.org\/{rel}","templated":true}]}}