{"id":151905,"date":"2023-04-27T08:50:57","date_gmt":"2023-04-27T06:50:57","guid":{"rendered":"https:\/\/up.lublin.pl\/agrobio\/?p=151905"},"modified":"2023-04-27T08:53:22","modified_gmt":"2023-04-27T06:53:22","slug":"zmarla-studentka-maria-jozwinska-fifowska","status":"publish","type":"post","link":"https:\/\/up.lublin.pl\/agrobio\/zmarla-studentka-maria-jozwinska-fifowska\/","title":{"rendered":"Zmar\u0142a studentka Maria J\u00f3\u017awi\u0144ska-Fifowska"},"content":{"rendered":"<p><img loading=\"lazy\" class=\"wp-image-151906 aligncenter\" src=\"https:\/\/up.lublin.pl\/agrobio\/wp-content\/uploads\/sites\/2\/2023\/04\/obraz.jpg\" alt=\"\" width=\"99\" height=\"99\" \/><\/p>\n<p>&nbsp;<\/p>\n<p>&nbsp;<\/p>\n<p style=\"text-align: center\">Z g\u0142\u0119bokim smutkiem przyj\u0119li\u015bmy wiadomo\u015b\u0107<br \/>\no \u015bmierci studentki III roku kierunku le\u015bnictwo<\/p>\n<p style=\"text-align: center\"><strong>Marii J\u00f3\u017awi\u0144skiej-Fifowskiej<\/strong><\/p>\n<p style=\"text-align: center\">Rodzinie i\u00a0Przyjacio\u0142om sk\u0142adamy wyrazy g\u0142\u0119bokiego wsp\u00f3\u0142czucia<\/p>\n<p style=\"text-align: center\"><em>Dziekan, Pracownicy i Studenci Wydzia\u0142u Agrobioin\u017cynierii<\/em><\/p>\n<p style=\"text-align: center\">Uroczysto\u015bci pogrzebowe rozpoczn\u0105 si\u0119 o\u00a0godz. <strong>9:00<\/strong><br \/>\nna cmentarzu komunalnym w \u015awidniku<br \/>\nw\u00a0dn. <strong>28.04.2023 r.<\/strong><\/p>\n<p>&nbsp;<\/p>\n<p>&nbsp;<\/p>\n<p>&nbsp;<\/p>\n<p>&nbsp;<\/p>\n<p>&nbsp;<\/p>\n","protected":false},"excerpt":{"rendered":"<p>&nbsp; &nbsp; Z g\u0142\u0119bokim smutkiem przyj\u0119li\u015bmy wiadomo\u015b\u0107 o \u015bmierci studentki III roku kierunku le\u015bnictwo Marii J\u00f3\u017awi\u0144skiej-Fifowskiej Rodzinie i\u00a0Przyjacio\u0142om sk\u0142adamy wyrazy g\u0142\u0119bokiego wsp\u00f3\u0142czucia Dziekan, Pracownicy i Studenci Wydzia\u0142u Agrobioin\u017cynierii Uroczysto\u015bci pogrzebowe rozpoczn\u0105 si\u0119 o\u00a0godz. 9:00 na cmentarzu komunalnym w \u015awidniku w\u00a0dn. 28.04.2023 r. &nbsp; &nbsp; &nbsp; &nbsp; &nbsp;<\/p>\n","protected":false},"author":214,"featured_media":0,"comment_status":"closed","ping_status":"closed","sticky":false,"template":"","format":"standard","meta":{"_monsterinsights_skip_tracking":false,"_monsterinsights_sitenote_active":false,"_monsterinsights_sitenote_note":"","_monsterinsights_sitenote_category":0},"categories":[12],"tags":[],"_links":{"self":[{"href":"https:\/\/up.lublin.pl\/agrobio\/wp-json\/wp\/v2\/posts\/151905"}],"collection":[{"href":"https:\/\/up.lublin.pl\/agrobio\/wp-json\/wp\/v2\/posts"}],"about":[{"href":"https:\/\/up.lublin.pl\/agrobio\/wp-json\/wp\/v2\/types\/post"}],"author":[{"embeddable":true,"href":"https:\/\/up.lublin.pl\/agrobio\/wp-json\/wp\/v2\/users\/214"}],"replies":[{"embeddable":true,"href":"https:\/\/up.lublin.pl\/agrobio\/wp-json\/wp\/v2\/comments?post=151905"}],"version-history":[{"count":3,"href":"https:\/\/up.lublin.pl\/agrobio\/wp-json\/wp\/v2\/posts\/151905\/revisions"}],"predecessor-version":[{"id":151912,"href":"https:\/\/up.lublin.pl\/agrobio\/wp-json\/wp\/v2\/posts\/151905\/revisions\/151912"}],"wp:attachment":[{"href":"https:\/\/up.lublin.pl\/agrobio\/wp-json\/wp\/v2\/media?parent=151905"}],"wp:term":[{"taxonomy":"category","embeddable":true,"href":"https:\/\/up.lublin.pl\/agrobio\/wp-json\/wp\/v2\/categories?post=151905"},{"taxonomy":"post_tag","embeddable":true,"href":"https:\/\/up.lublin.pl\/agrobio\/wp-json\/wp\/v2\/tags?post=151905"}],"curies":[{"name":"wp","href":"https:\/\/api.w.org\/{rel}","templated":true}]}}