{"id":151902,"date":"2023-04-24T08:22:53","date_gmt":"2023-04-24T06:22:53","guid":{"rendered":"https:\/\/up.lublin.pl\/agrobio\/?p=151902"},"modified":"2023-04-24T08:22:53","modified_gmt":"2023-04-24T06:22:53","slug":"pani-dr-hab-teresa-wylupek-powolana-do-zespolu-doradczego-ministra-edukacji-i-nauki","status":"publish","type":"post","link":"https:\/\/up.lublin.pl\/agrobio\/pani-dr-hab-teresa-wylupek-powolana-do-zespolu-doradczego-ministra-edukacji-i-nauki\/","title":{"rendered":"Pani dr hab Teresa Wy\u0142upek powo\u0142ana do Zespo\u0142u doradczego Ministra Edukacji i Nauki"},"content":{"rendered":"<p class=\"mcntmcntMsoNormal\" style=\"text-align: justify\">Zgodnie z Zarz\u0105dzeniem Ministra Edukacji i Nauki z dnia 17 grudnia 2021r. \u00a0w sprawie powo\u0142ania Zespo\u0142u doradczego do spraw program\u00f3w \u201eSpo\u0142eczna odpowiedzialno\u015b\u0107 nauki&#8221; i Spo\u0142eczna odpowiedzialno\u015b\u0107 nauki II&#8221; oraz dzia\u0142alno\u015bci upowszechniaj\u0105cej nauk\u0119 Pani dr hab. Teresa Wy\u0142upek zosta\u0142a powo\u0142ana do prac w ww. zespole.<\/p>\n<p>&nbsp;<\/p>\n<p id=\"ext-gen1714\" class=\"mcntmcntMsoNormal\" style=\"text-align: justify\">Do zada\u0144 zespo\u0142u nale\u017cy ocena merytoryczna wniosk\u00f3w z\u0142o\u017conych w ramach program\u00f3w pod nazw\u0105 &#8220;Spo\u0142eczna odpowiedzialno\u015b\u0107 nauki&#8221; i &#8220;Spo\u0142eczna odpowiedzialno\u015b\u0107 nauki II&#8221;, oraz przedstawienie ministrowi w\u0142a\u015bciwemu do spraw szkolnictwa wy\u017cszego i nauki wynik\u00f3w oceny wniosk\u00f3w wraz z rekomendacj\u0105 zakwalifikowania do udzia\u0142u w programach i wysoko\u015bci\u0105 \u015brodk\u00f3w finansowych lub propozycj\u0105 niezakwalifikowania do udzia\u0142u w programach wraz ze szczeg\u00f3\u0142owym uzasadnieniem. Ponadto zadaniem zespo\u0142u jest ocena zastrze\u017ce\u0144 zg\u0142aszanych przez wnioskodawc\u00f3w do oceny merytorycznej, ocena raport\u00f3w rocznych i ko\u0144cowych z wykorzystania przyznanych \u015brodk\u00f3w finansowych oraz opiniowanie wniosk\u00f3w o zmian\u0119 umowy zawartej w zwi\u0105zku z przyznaniem \u015brodk\u00f3w finansowych.<\/p>\n","protected":false},"excerpt":{"rendered":"<p>Zgodnie z Zarz\u0105dzeniem Ministra Edukacji i Nauki z dnia 17 grudnia 2021r. \u00a0w sprawie powo\u0142ania Zespo\u0142u doradczego do spraw program\u00f3w \u201eSpo\u0142eczna odpowiedzialno\u015b\u0107 nauki&#8221; i Spo\u0142eczna odpowiedzialno\u015b\u0107 nauki II&#8221; oraz dzia\u0142alno\u015bci upowszechniaj\u0105cej nauk\u0119 Pani dr hab. Teresa Wy\u0142upek zosta\u0142a powo\u0142ana do prac w ww. zespole. &nbsp; Do zada\u0144 zespo\u0142u nale\u017cy ocena merytoryczna wniosk\u00f3w z\u0142o\u017conych w ramach [&hellip;]<\/p>\n","protected":false},"author":207,"featured_media":0,"comment_status":"closed","ping_status":"closed","sticky":false,"template":"","format":"standard","meta":{"_monsterinsights_skip_tracking":false,"_monsterinsights_sitenote_active":false,"_monsterinsights_sitenote_note":"","_monsterinsights_sitenote_category":0},"categories":[12],"tags":[],"_links":{"self":[{"href":"https:\/\/up.lublin.pl\/agrobio\/wp-json\/wp\/v2\/posts\/151902"}],"collection":[{"href":"https:\/\/up.lublin.pl\/agrobio\/wp-json\/wp\/v2\/posts"}],"about":[{"href":"https:\/\/up.lublin.pl\/agrobio\/wp-json\/wp\/v2\/types\/post"}],"author":[{"embeddable":true,"href":"https:\/\/up.lublin.pl\/agrobio\/wp-json\/wp\/v2\/users\/207"}],"replies":[{"embeddable":true,"href":"https:\/\/up.lublin.pl\/agrobio\/wp-json\/wp\/v2\/comments?post=151902"}],"version-history":[{"count":2,"href":"https:\/\/up.lublin.pl\/agrobio\/wp-json\/wp\/v2\/posts\/151902\/revisions"}],"predecessor-version":[{"id":151904,"href":"https:\/\/up.lublin.pl\/agrobio\/wp-json\/wp\/v2\/posts\/151902\/revisions\/151904"}],"wp:attachment":[{"href":"https:\/\/up.lublin.pl\/agrobio\/wp-json\/wp\/v2\/media?parent=151902"}],"wp:term":[{"taxonomy":"category","embeddable":true,"href":"https:\/\/up.lublin.pl\/agrobio\/wp-json\/wp\/v2\/categories?post=151902"},{"taxonomy":"post_tag","embeddable":true,"href":"https:\/\/up.lublin.pl\/agrobio\/wp-json\/wp\/v2\/tags?post=151902"}],"curies":[{"name":"wp","href":"https:\/\/api.w.org\/{rel}","templated":true}]}}