{"id":151870,"date":"2023-04-05T09:05:42","date_gmt":"2023-04-05T07:05:42","guid":{"rendered":"https:\/\/up.lublin.pl\/agrobio\/?p=151870"},"modified":"2023-04-05T09:08:37","modified_gmt":"2023-04-05T07:08:37","slug":"zyczenia-z-okazji-swiat-wielkanocnych","status":"publish","type":"post","link":"https:\/\/up.lublin.pl\/agrobio\/zyczenia-z-okazji-swiat-wielkanocnych\/","title":{"rendered":"\u017byczenia z okazji \u015awi\u0105t Wielkanocnych"},"content":{"rendered":"<p><img loading=\"lazy\" class=\" wp-image-151879 aligncenter\" src=\"https:\/\/up.lublin.pl\/agrobio\/wp-content\/uploads\/sites\/2\/2023\/04\/zyczenia-wielkanocne-2023.jpg\" alt=\"\" width=\"746\" height=\"560\" \/><\/p>\n","protected":false},"excerpt":{"rendered":"","protected":false},"author":214,"featured_media":0,"comment_status":"closed","ping_status":"closed","sticky":false,"template":"","format":"standard","meta":{"_monsterinsights_skip_tracking":false,"_monsterinsights_sitenote_active":false,"_monsterinsights_sitenote_note":"","_monsterinsights_sitenote_category":0},"categories":[12],"tags":[],"_links":{"self":[{"href":"https:\/\/up.lublin.pl\/agrobio\/wp-json\/wp\/v2\/posts\/151870"}],"collection":[{"href":"https:\/\/up.lublin.pl\/agrobio\/wp-json\/wp\/v2\/posts"}],"about":[{"href":"https:\/\/up.lublin.pl\/agrobio\/wp-json\/wp\/v2\/types\/post"}],"author":[{"embeddable":true,"href":"https:\/\/up.lublin.pl\/agrobio\/wp-json\/wp\/v2\/users\/214"}],"replies":[{"embeddable":true,"href":"https:\/\/up.lublin.pl\/agrobio\/wp-json\/wp\/v2\/comments?post=151870"}],"version-history":[{"count":3,"href":"https:\/\/up.lublin.pl\/agrobio\/wp-json\/wp\/v2\/posts\/151870\/revisions"}],"predecessor-version":[{"id":151886,"href":"https:\/\/up.lublin.pl\/agrobio\/wp-json\/wp\/v2\/posts\/151870\/revisions\/151886"}],"wp:attachment":[{"href":"https:\/\/up.lublin.pl\/agrobio\/wp-json\/wp\/v2\/media?parent=151870"}],"wp:term":[{"taxonomy":"category","embeddable":true,"href":"https:\/\/up.lublin.pl\/agrobio\/wp-json\/wp\/v2\/categories?post=151870"},{"taxonomy":"post_tag","embeddable":true,"href":"https:\/\/up.lublin.pl\/agrobio\/wp-json\/wp\/v2\/tags?post=151870"}],"curies":[{"name":"wp","href":"https:\/\/api.w.org\/{rel}","templated":true}]}}