{"id":151802,"date":"2023-04-04T12:40:20","date_gmt":"2023-04-04T10:40:20","guid":{"rendered":"https:\/\/up.lublin.pl\/agrobio\/?p=151802"},"modified":"2023-04-04T12:41:19","modified_gmt":"2023-04-04T10:41:19","slug":"zmarl-prof-dr-hab-adam-marian-harasim","status":"publish","type":"post","link":"https:\/\/up.lublin.pl\/agrobio\/zmarl-prof-dr-hab-adam-marian-harasim\/","title":{"rendered":"Zmar\u0142 Prof. dr hab. Adam Marian Harasim"},"content":{"rendered":"\t\t<div data-elementor-type=\"wp-post\" data-elementor-id=\"151802\" class=\"elementor elementor-151802\" data-elementor-settings=\"[]\">\n\t\t\t\t\t\t<div class=\"elementor-inner\">\n\t\t\t\t\t\t\t<div class=\"elementor-section-wrap\">\n\t\t\t\t\t\t\t<section class=\"elementor-section elementor-top-section elementor-element elementor-element-7b80462 elementor-section-boxed elementor-section-height-default elementor-section-height-default\" data-id=\"7b80462\" data-element_type=\"section\">\n\t\t\t\t\t\t<div class=\"elementor-container elementor-column-gap-default\">\n\t\t\t\t\t\t\t<div class=\"elementor-row\">\n\t\t\t\t\t<div class=\"elementor-column elementor-col-100 elementor-top-column elementor-element elementor-element-1965d57\" data-id=\"1965d57\" data-element_type=\"column\">\n\t\t\t<div class=\"elementor-column-wrap elementor-element-populated\">\n\t\t\t\t\t\t\t<div class=\"elementor-widget-wrap\">\n\t\t\t\t\t\t<div class=\"elementor-element elementor-element-64d7693 elementor-widget elementor-widget-m5c\" data-id=\"64d7693\" data-element_type=\"widget\" data-widget_type=\"m5c.default\">\n\t\t\t\t<div class=\"elementor-widget-container\">\n\t\t\t<section class=\"mn-m5-c mn-m5-d2 mn-bg-white\">\n\t<div class=\"mn-grid\">\n\t\t\t\t<div class=\"mn-content mn-grid-9\">\n\t\t\t                <div class=\"mn-content-block active\">\n\t                                                        <div class=\"block-text\">\n\t                                        <p><a href=\"https:\/\/up.lublin.pl\/wp-content\/uploads\/2023\/04\/prof_a_harasim.png\"><img loading=\"lazy\" class=\"aligncenter wp-image-332673\" src=\"https:\/\/up.lublin.pl\/wp-content\/uploads\/2023\/04\/prof_a_harasim.png\" alt=\"\" width=\"180\" height=\"233\" \/><\/a><\/p>\n<p style=\"text-align: center;\">Z g\u0142\u0119bokim \u017calem zawiadamiamy,<br \/>\u017ce 31 marca 2023 r. zmar\u0142<\/p>\n<h3 style=\"text-align: center;\"><em><strong>\u015aP.<\/strong><strong> <br \/><\/strong><strong>Prof. dr hab. Adam Marian Harasim<\/strong><\/em><\/h3>\n<p style=\"text-align: center;\">Pracownik Zak\u0142adu Post\u0119pu w&nbsp;Rolnictwie Akademii Rolniczej w&nbsp;Lublinie w&nbsp;latach 1972-1973,<br \/>Pracownik Zak\u0142adu Do\u015bwiadczalnego IUNG Topole-B\u0142onie w&nbsp;latach 1973-1986<br \/>Pracownik naukowy IUNG Pu\u0142awy w&nbsp;latach 1987-2023<br \/>Sekretarz IUNG Pu\u0142awy w&nbsp;latach 1991\u20132011<br \/>Wiceprzewodnicz\u0105cy Rady Naukowej IUNG-PIB w&nbsp;latach 2016-2021<\/p>\n<p style=\"text-align: center;\">Za sw\u0105 dzia\u0142alno\u015b\u0107 Profesor zosta\u0142 uhonorowany Br\u0105zowym i&nbsp;Srebrnym Krzy\u017cem Zas\u0142ugi (1980, 2000),<br \/>Z\u0142otym Medalem za D\u0142ugoletni\u0105 S\u0142u\u017cb\u0119 (2010)<br \/>oraz wyr\u00f3\u017cniony odznakami \u201eZas\u0142u\u017cony Pracownik Rolnictwa\u201d (1988)<br \/>i \u201eZas\u0142u\u017cony dla Rolnictwa\u201d (2009),Z\u0142ot\u0105 Honorow\u0105 Odznak\u0105 ZMW (1972),<br \/>Honorow\u0105 Odznak\u0105 AR w&nbsp;Lublinie (1985)<br \/>oraz wieloma wyr\u00f3\u017cnieniami naukowymi i&nbsp;honorowymi.<\/p>\n<p style=\"text-align: center;\">\u00a0\u00a0W osobie Pana Profesora Uniwersytet Przyrodniczy w&nbsp;Lublinie straci\u0142 szanowanego uczonego, promotora wielu prac doktorskich, Cz\u0142onka stowarzysze\u0144 i&nbsp;komisji naukowych (m.in. PTA, Stowarzyszenia Ekonomist\u00f3w Rolnictwa i&nbsp;Agrobiznesu, Normalizacyjnej Komisji Problemowej PKN ds. uprawy roli i&nbsp;ro\u015blin polowych), komitet\u00f3w redakcyjnych (m.in. Zalece\u0144 Agrotechnicznych i&nbsp;Biuletynu Informacyjnego IUNG\u00a0 1995\u20132003),<br \/>a tak\u017ce redaktora naczelnego wydawnictw IUNG (m.in. serii Monografie i&nbsp;Rozprawy Naukowe (2002\u20132006)<br \/>oraz Studia i&nbsp;Raporty IUNG-PIB (2006\u20132010).<\/p>\n<p style=\"text-align: center;\">Zapami\u0119tamy Go jako cz\u0142owieka niezwykle pracowitego, \u017cyczliwego, ch\u0119tnie dziel\u0105cego si\u0119 swoim do\u015bwiadczeniem i&nbsp;wiedz\u0105, a&nbsp;tak\u017ce wspania\u0142ego, serdecznego koleg\u0119, na kt\u00f3rego zawsze mo\u017cna by\u0142o liczy\u0107.<\/p>\n<p style=\"text-align: center;\"><strong>Cze\u015b\u0107 Jego Pami\u0119ci!<\/strong><\/p>\n<p style=\"text-align: center;\"><em>Pracownicy Wydzia\u0142u Agrobioin\u017cynierii Uniwersytetu Przyrodniczego w&nbsp;Lublinie\u00a0<\/em><\/p>\n<p style=\"text-align: center;\">\u00a0 ***<\/p>\n<p style=\"text-align: center;\"><em>Rodzinie Zmar\u0142ego wyrazy g\u0142\u0119bokiego wsp\u00f3\u0142czucia<\/em><br \/><em>sk\u0142adaj\u0105<\/em><br \/><em>Dziekan i&nbsp;Kolegium Dzieka\u0144skie Wydzia\u0142u Agrobioin\u017cynierii,<br \/>pracownicy i&nbsp;studenci Uniwersytetu Przyrodniczego w&nbsp;Lublinie<\/em><\/p>\n<p style=\"text-align: center;\"><em>\u00a0***<\/em><\/p>\n<p style=\"text-align: center;\">\u00a0Uroczysto\u015bci pogrzebowe odb\u0119d\u0105 si\u0119 <strong>12 kwietnia 2023 r.<\/strong><\/p>\n<p style=\"text-align: center;\">Msza \u015bw. odb\u0119dzie si\u0119 o&nbsp;godzinie 14.00 w&nbsp;ko\u015bciele Mi\u0142osierdzia Bo\u017cego w&nbsp;Pu\u0142awach, przy ul. Kowalskiego 1. Wcze\u015bniej o&nbsp;godz. 13.30 odb\u0119dzie si\u0119 po\u017cegnanie w&nbsp;kaplicy pod ko\u015bcio\u0142em Mi\u0142osierdzia Bo\u017cego, a&nbsp;nast\u0119pnie pogrzeb na miejscowym cmentarzu przy ulicy Piaskowej w&nbsp;Pu\u0142awach<\/p>\n                                        <\/div>\n\t\t\t\t\t\t                                <\/div>\n\t\t\t\t                <div class=\"mn-content-block\">\n\t                                <\/div>\n\t\t\t\t                <div class=\"mn-content-block\">\n\t                                <\/div>\n\t\t\t\t                <div class=\"mn-content-block\">\n\t                                <\/div>\n\t\t\t\t                <div class=\"mn-content-block\">\n\t                                <\/div>\n\t\t\t\t                <div class=\"mn-content-block\">\n\t                                <\/div>\n\t\t\t\t                <div class=\"mn-content-block\">\n\t                                <\/div>\n\t\t\t\t                <div class=\"mn-content-block\">\n\t                                <\/div>\n\t\t\t\t                <div class=\"mn-content-block\">\n\t                                <\/div>\n\t\t\t\t                <div class=\"mn-content-block\">\n\t                                <\/div>\n\t\t\t\t                <div class=\"mn-content-block\">\n\t                                <\/div>\n\t\t\t\t                <div class=\"mn-content-block\">\n\t                                <\/div>\n\t\t\t\t                <div class=\"mn-content-block\">\n\t                                <\/div>\n\t\t\t\t                <div class=\"mn-content-block\">\n\t                                <\/div>\n\t\t\t\t                <div class=\"mn-content-block\">\n\t                                <\/div>\n\t\t\t\t                <div class=\"mn-content-block\">\n\t                                <\/div>\n\t\t\t\t                <div class=\"mn-content-block\">\n\t                                <\/div>\n\t\t\t\t                <div class=\"mn-content-block\">\n\t                                <\/div>\n\t\t\t\t                <div class=\"mn-content-block\">\n\t                                <\/div>\n\t\t\t\t                <div class=\"mn-content-block\">\n\t                                <\/div>\n\t\t\t\t\t\t<\/div>\n\t<\/div>\n<\/section>\n\t\t<\/div>\n\t\t\t\t<\/div>\n\t\t\t\t\t\t<\/div>\n\t\t\t\t\t<\/div>\n\t\t<\/div>\n\t\t\t\t\t\t\t\t<\/div>\n\t\t\t\t\t<\/div>\n\t\t<\/section>\n\t\t\t\t\t\t<\/div>\n\t\t\t\t\t\t<\/div>\n\t\t\t\t\t<\/div>\n\t\t","protected":false},"excerpt":{"rendered":"<p>Z g\u0142\u0119bokim \u017calem zawiadamiamy,\u017ce 31 marca 2023 r. zmar\u0142 \u015aP. Prof. dr hab. Adam Marian Harasim Pracownik Zak\u0142adu Post\u0119pu w&nbsp;Rolnictwie Akademii Rolniczej w&nbsp;Lublinie w&nbsp;latach 1972-1973,Pracownik Zak\u0142adu Do\u015bwiadczalnego IUNG Topole-B\u0142onie w&nbsp;latach 1973-1986Pracownik naukowy IUNG Pu\u0142awy w&nbsp;latach 1987-2023Sekretarz IUNG Pu\u0142awy w&nbsp;latach 1991\u20132011Wiceprzewodnicz\u0105cy Rady Naukowej IUNG-PIB w&nbsp;latach 2016-2021 Za sw\u0105 dzia\u0142alno\u015b\u0107 Profesor zosta\u0142 uhonorowany Br\u0105zowym i&nbsp;Srebrnym Krzy\u017cem Zas\u0142ugi [&hellip;]<\/p>\n","protected":false},"author":2,"featured_media":0,"comment_status":"closed","ping_status":"closed","sticky":false,"template":"elementor_header_footer","format":"standard","meta":{"_monsterinsights_skip_tracking":false,"_monsterinsights_sitenote_active":false,"_monsterinsights_sitenote_note":"","_monsterinsights_sitenote_category":0},"categories":[12],"tags":[],"_links":{"self":[{"href":"https:\/\/up.lublin.pl\/agrobio\/wp-json\/wp\/v2\/posts\/151802"}],"collection":[{"href":"https:\/\/up.lublin.pl\/agrobio\/wp-json\/wp\/v2\/posts"}],"about":[{"href":"https:\/\/up.lublin.pl\/agrobio\/wp-json\/wp\/v2\/types\/post"}],"author":[{"embeddable":true,"href":"https:\/\/up.lublin.pl\/agrobio\/wp-json\/wp\/v2\/users\/2"}],"replies":[{"embeddable":true,"href":"https:\/\/up.lublin.pl\/agrobio\/wp-json\/wp\/v2\/comments?post=151802"}],"version-history":[{"count":10,"href":"https:\/\/up.lublin.pl\/agrobio\/wp-json\/wp\/v2\/posts\/151802\/revisions"}],"predecessor-version":[{"id":151812,"href":"https:\/\/up.lublin.pl\/agrobio\/wp-json\/wp\/v2\/posts\/151802\/revisions\/151812"}],"wp:attachment":[{"href":"https:\/\/up.lublin.pl\/agrobio\/wp-json\/wp\/v2\/media?parent=151802"}],"wp:term":[{"taxonomy":"category","embeddable":true,"href":"https:\/\/up.lublin.pl\/agrobio\/wp-json\/wp\/v2\/categories?post=151802"},{"taxonomy":"post_tag","embeddable":true,"href":"https:\/\/up.lublin.pl\/agrobio\/wp-json\/wp\/v2\/tags?post=151802"}],"curies":[{"name":"wp","href":"https:\/\/api.w.org\/{rel}","templated":true}]}}