{"id":151643,"date":"2023-03-16T08:31:59","date_gmt":"2023-03-16T07:31:59","guid":{"rendered":"https:\/\/up.lublin.pl\/agrobio\/?p=151643"},"modified":"2023-03-16T08:46:45","modified_gmt":"2023-03-16T07:46:45","slug":"ii-miedzynarodowa-konferencja-naukowa-studenci-w-zootechnice-i-akwakulturze-wyzwania-i-badania","status":"publish","type":"post","link":"https:\/\/up.lublin.pl\/agrobio\/ii-miedzynarodowa-konferencja-naukowa-studenci-w-zootechnice-i-akwakulturze-wyzwania-i-badania\/","title":{"rendered":"II Mi\u0119dzynarodowa Konferencja Naukowa \u201eStudenci w Zootechnice i Akwakulturze \u2013 wyzwania i badania\u201d"},"content":{"rendered":"<p class=\"mcntmcntmcntContentPasted0\"><strong><b class=\"mcntmcntmcntContentPasted0\">Instytut Nauk o Zwierz\u0119tach, Polskie Towarzystwo Zootechniczne oraz Ko\u0142o Naukowe Hodowc\u00f3w Zwierz\u0105t Gospodarskich<\/b><\/strong>\u00a0zaprasza student\u00f3w do udzia\u0142u w<\/p>\n<p>&nbsp;<\/p>\n<p><strong><em>IInd\u00a0International Scientific Conference for Students &#8220;Animal Science and Aquaculture &#8211; challenges and research<\/em><\/strong><\/p>\n<p>&nbsp;<\/p>\n<p class=\"mcntmcntmcntContentPasted0\">kt\u00f3ra odb\u0119dzie si\u0119 dnia<span class=\"mcntmcntmcntContentPasted0\">\u00a0<\/span><strong class=\"mcntmcntmcntContentPasted0\"><span class=\"mcntmcntmcntContentPasted0\">9 maja 2023 r<\/span><\/strong><strong class=\"mcntmcntmcntContentPasted0\">.<\/strong><strong class=\"mcntmcntmcntContentPasted0\">\u00a0<\/strong>i jest inicjatyw\u0105 maj\u0105c\u0105 na celu stworzenie p\u0142aszczyzny pozwalaj\u0105cej na wymian\u0119 wiedzy i do\u015bwiadcze\u0144 student\u00f3w kierunk\u00f3w studi\u00f3w pokrewnych z zootechnik\u0105 i akwakultur\u0105.<\/p>\n<p><strong><b class=\"mcntmcntmcntContentPasted0\">Konferencja organizowana jest w formie on-line za po\u015brednictwem platformy MS Teams.<\/b><\/strong><\/p>\n<p class=\"mcntmcntmcntContentPasted0\">Konferencja ma charakter tematyczny, a ze wzgl\u0119d\u00f3w porz\u0105dkowych, podczas rejestracji Uczestnik wybiera jedn\u0105 z sesji, do kt\u00f3rej kwalifikuje tematyk\u0119 swojej pracy:<\/p>\n<ul>\n<li class=\"mcntmcntmcntContentPasted0\">Jako\u015b\u0107 produkt\u00f3w odzwierz\u0119cych;<\/li>\n<li class=\"mcntmcntmcntContentPasted0\">Dobrostan i zdrowie zwierz\u0105t;<\/li>\n<li class=\"mcntmcntmcntContentPasted0\">\u017bywienie zwierz\u0105t;<\/li>\n<li class=\"mcntmcntmcntContentPasted0\">Ekonomika i zarz\u0105dzanie produkcj\u0105 zwierz\u0119c\u0105;<\/li>\n<li class=\"mcntmcntmcntContentPasted0\">Fizjologiczne i biologiczne uwarunkowania produkcji zwierz\u0119cej.<\/li>\n<\/ul>\n<p class=\"mcntmcntmcntContentPasted0\">W ramach Konferencji przewidziana jest prezentacja prac w formie elektronicznej.<\/p>\n<p class=\"mcntmcntmcntContentPasted0\">Uczestnicy, kt\u00f3rzy zg\u0142osz\u0105 sw\u00f3j udzia\u0142 w Konferencji b\u0119d\u0105 zobligowani do wcze\u015bniejszego przes\u0142ania abstrakt\u00f3w w j\u0119zyku angielskim, kt\u00f3re zostan\u0105 opublikowane do dnia 15.05.2023 r. w postaci elektronicznej Ksi\u0105\u017cki Abstrakt\u00f3w. Konferencja odbywa\u0107 si\u0119 b\u0119dzie w godzinach 09:00-16:30.<\/p>\n<p><strong class=\"mcntmcntmcntContentPasted0\">Terminy obligatoryjne:<\/strong><\/p>\n<ol>\n<li class=\"mcntmcntmcntContentPasted0\">Rejestracja do<span class=\"mcntmcntmcntContentPasted0\">\u00a0<\/span><strong><b class=\"mcntmcntmcntContentPasted0\">1 kwietnia 2023 r.<\/b><\/strong><\/li>\n<li class=\"mcntmcntmcntContentPasted0\">Nadsy\u0142anie abstrakt\u00f3w do<span class=\"mcntmcntmcntContentPasted0\">\u00a0<\/span><span class=\"mcntmcntmcntContentPasted0\"><strong>15<\/strong><strong class=\"mcntmcntmcntContentPasted0\">.<\/strong><\/span><span class=\"mcntmcntmcntContentPasted0\"><strong><b class=\"mcntmcntmcntContentPasted0\">04.2023 r.<\/b><\/strong><\/span><\/li>\n<\/ol>\n<p class=\"mcntmcntmcntContentPasted0\">Przes\u0142anie formularza zg\u0142oszeniowego jest jednoznaczne z wyra\u017ceniem ch\u0119ci uczestnictwa w\u00a0Konferencji oraz akceptacj\u0105 Regulaminu Konferencji. Istnieje mo\u017cliwo\u015b\u0107 wy\u0142\u0105cznie czynnego uczestnictwa w Konferencji.<\/p>\n<p class=\"mcntmcntmcntelementToProof\"><strong class=\"mcntmcntmcntContentPasted0 mcntmcntmcntContentPasted1\">Szczeg\u00f3\u0142y i rejestracja na stronie:\u00a0<\/strong><strong class=\"mcntmcntmcntContentPasted0 mcntmcntmcntContentPasted1\"><a id=\"mcntmcntmcntLPlnk260118\" href=\"http:\/\/animal.sggw.pl\/2023\/03\/02\/ii-miedzynarodowa-konferencja-naukowa-studenci-w-zootechnice-i-akwakulturze-wyzwania-i-badania\/\" target=\"_blank\" rel=\"noopener\"><\/a><a title=\"http:\/\/animal.sggw.pl\/2023\/03\/02\/ii-miedzynarodowa-konferencja-naukowa-studenci-w-zootechnice-i-akwakulturze-wyzwania-i-badania\/\" href=\"http:\/\/animal.sggw.pl\/2023\/03\/02\/ii-miedzynarodowa-konferencja-naukowa-studenci-w-zootechnice-i-akwakulturze-wyzwania-i-badania\/\" target=\"_blank\" rel=\"noopener\">http:\/\/animal.sggw.pl\/2023\/03\/02\/ii-miedzynarodowa-konferencja-naukowa-studenci-w-zootechnice-i-akwakulturze-wyzwania-i-badania\/<\/a><\/strong><\/p>\n<p><strong class=\"mcntmcntmcntContentPasted0\">Regulamin konferencji:<\/strong><strong class=\"mcntmcntmcntContentPasted0\"><span class=\"mcntmcntmcntContentPasted0\">\u00a0<\/span><\/strong><a id=\"mcntmcntmcntOWAfba0520a-98d1-fb0a-c9e3-6ff11ebfd31b\" class=\"mcntmcntmcntOWAAutoLink mcntmcntmcntWSYlv\" href=\"https:\/\/sggwpl-my.sharepoint.com\/:w:\/g\/personal\/p499499_sggw_edu_pl\/EWKZvD5VTPRMmZOm5DkmhVoBMZ_Mr5KtGxhFwhuen-G8bA\" target=\"_blank\" rel=\"noopener\">Regulamin.docx<\/a><\/p>\n<p><strong class=\"mcntmcntmcntContentPasted0\">RODO:<\/strong><strong class=\"mcntmcntmcntContentPasted0\"><span class=\"mcntmcntmcntContentPasted0\">\u00a0<\/span><\/strong><a id=\"mcntmcntmcntOLK_Beautified_OWA19e55219-51e6-0613-dbe0-69fe88a2f98e\" class=\"mcntmcntmcntOWAAutoLink mcntmcntmcnteScj0 mcntmcntmcntWSYlv\" href=\"https:\/\/sggwpl-my.sharepoint.com\/:w:\/g\/personal\/p499499_sggw_edu_pl\/EchK-p-jcQpOsWqNgHFPU0AB4fsre8DrStmamNoE4z19pA\" target=\"_blank\" rel=\"noopener\"><img src=\"https:\/\/poczta.up.lublin.pl\/webmail\/api\/download\/attachment\/up.lublin.pl\/pawel.harasim\/9913ea30-23a9-4317-b149-17bb38be049c\/19953\/0-4\/Outlook-b0gxws40.png?version=139176&amp;sid=1a049880218f8710c1c608894d360b036a6bcd46952d549c40eaea3f9e53ebd7\" alt=\"\" \/>rodo.docx<\/a><\/p>\n<p class=\"mcntmcntmcntContentPasted0\"><strong class=\"mcntmcntmcntContentPasted0\">Rejestracja:<\/strong>\u00a0<strong><a title=\"https:\/\/forms.office.com\/e\/DGLu1H9EfR\" href=\"https:\/\/forms.office.com\/e\/DGLu1H9EfR\" target=\"_blank\" rel=\"noopener\">https:\/\/forms.office.com\/e\/DGLu1H9EfR<\/a><\/strong><\/p>\n<p><strong class=\"mcntmcntmcntContentPasted0\">Przesy\u0142anie abstraktu:<\/strong><strong class=\"mcntmcntmcntContentPasted0\"><span class=\"mcntmcntmcntContentPasted0\">\u00a0<\/span><\/strong><a title=\"https:\/\/forms.office.com\/e\/hXADgDeEx8\" href=\"https:\/\/forms.office.com\/e\/hXADgDeEx8\" target=\"_blank\" rel=\"noopener\">https:\/\/forms.office.com\/e\/hXADgDeEx8<\/a><\/p>\n<p class=\"mcntmcntmcntContentPasted0\">Masz pytania? Ch\u0119tnie odpowiemy: <a id=\"ext-gen1820\" class=\"mailto\" href=\"mailto:asaa@sggw.edu.pl\">asaa@sggw.edu.pl<\/a><\/p>\n<p>&nbsp;<\/p>\n<p><a href=\"https:\/\/up.lublin.pl\/agrobio\/wp-content\/uploads\/sites\/2\/2023\/03\/II-Miedzynarodowa-Konferencja-Naukowa-komunikat.pdf\"><strong>Komunikat<\/strong><\/a><\/p>\n","protected":false},"excerpt":{"rendered":"<p>Instytut Nauk o Zwierz\u0119tach, Polskie Towarzystwo Zootechniczne oraz Ko\u0142o Naukowe Hodowc\u00f3w Zwierz\u0105t Gospodarskich\u00a0zaprasza student\u00f3w do udzia\u0142u w &nbsp; IInd\u00a0International Scientific Conference for Students &#8220;Animal Science and Aquaculture &#8211; challenges and research &nbsp; kt\u00f3ra odb\u0119dzie si\u0119 dnia\u00a09 maja 2023 r.\u00a0i jest inicjatyw\u0105 maj\u0105c\u0105 na celu stworzenie p\u0142aszczyzny pozwalaj\u0105cej na wymian\u0119 wiedzy i do\u015bwiadcze\u0144 student\u00f3w kierunk\u00f3w studi\u00f3w [&hellip;]<\/p>\n","protected":false},"author":207,"featured_media":0,"comment_status":"closed","ping_status":"closed","sticky":false,"template":"","format":"standard","meta":{"_monsterinsights_skip_tracking":false,"_monsterinsights_sitenote_active":false,"_monsterinsights_sitenote_note":"","_monsterinsights_sitenote_category":0},"categories":[12],"tags":[],"_links":{"self":[{"href":"https:\/\/up.lublin.pl\/agrobio\/wp-json\/wp\/v2\/posts\/151643"}],"collection":[{"href":"https:\/\/up.lublin.pl\/agrobio\/wp-json\/wp\/v2\/posts"}],"about":[{"href":"https:\/\/up.lublin.pl\/agrobio\/wp-json\/wp\/v2\/types\/post"}],"author":[{"embeddable":true,"href":"https:\/\/up.lublin.pl\/agrobio\/wp-json\/wp\/v2\/users\/207"}],"replies":[{"embeddable":true,"href":"https:\/\/up.lublin.pl\/agrobio\/wp-json\/wp\/v2\/comments?post=151643"}],"version-history":[{"count":8,"href":"https:\/\/up.lublin.pl\/agrobio\/wp-json\/wp\/v2\/posts\/151643\/revisions"}],"predecessor-version":[{"id":151657,"href":"https:\/\/up.lublin.pl\/agrobio\/wp-json\/wp\/v2\/posts\/151643\/revisions\/151657"}],"wp:attachment":[{"href":"https:\/\/up.lublin.pl\/agrobio\/wp-json\/wp\/v2\/media?parent=151643"}],"wp:term":[{"taxonomy":"category","embeddable":true,"href":"https:\/\/up.lublin.pl\/agrobio\/wp-json\/wp\/v2\/categories?post=151643"},{"taxonomy":"post_tag","embeddable":true,"href":"https:\/\/up.lublin.pl\/agrobio\/wp-json\/wp\/v2\/tags?post=151643"}],"curies":[{"name":"wp","href":"https:\/\/api.w.org\/{rel}","templated":true}]}}