{"id":151635,"date":"2023-03-16T08:23:31","date_gmt":"2023-03-16T07:23:31","guid":{"rendered":"https:\/\/up.lublin.pl\/agrobio\/?p=151635"},"modified":"2023-03-16T11:13:44","modified_gmt":"2023-03-16T10:13:44","slug":"zaproszenie-do-udzialu-w-x-miedzyuczelnianym-sympozjum-biotechnologicznym-symbioza","status":"publish","type":"post","link":"https:\/\/up.lublin.pl\/agrobio\/zaproszenie-do-udzialu-w-x-miedzyuczelnianym-sympozjum-biotechnologicznym-symbioza\/","title":{"rendered":"Zaproszenie do udzia\u0142u w X Mi\u0119dzyuczelnianym Sympozjum Biotechnologicznym &#8220;Symbioza&#8221;"},"content":{"rendered":"<p><strong>Szanowni Pa\u0144stwo,<\/strong><\/p>\n<p>Jednym z najwa\u017cniejszych dzia\u0142a\u0144, maj\u0105cych na celu na celu rozw\u00f3j nauki, jest dawanie badaczom, niezale\u017cnie od etapu, na kt\u00f3rym obecnie znajduje si\u0119 ich kariera zawodowa, szansy na wymian\u0119 my\u015bli oraz wskaz\u00f3wek dotycz\u0105cych ich pracy. Jako Warszawskie Stowarzyszenie Biotechnologiczne \u201cSymbioza\u201d co roku postanawiamy do\u0142o\u017cy\u0107 do tego swoj\u0105 cegie\u0142k\u0119, organizuj\u0105c og\u00f3lnopolskie i mi\u0119dzynarodowe konferencje.<\/p>\n<p>&nbsp;<\/p>\n<p>W tym roku mamy przyjemno\u015b\u0107 zaprosi\u0107 Pa\u0144stwa na jubileuszow\u0105, X edycj\u0119 Mi\u0119dzyuczelnianego Sympozjum Biotechnologicznego &#8220;Symbioza&#8221; (Intercollegiate Biotechnology Symposium \u201cSymbioza\u201d). Wydarzenie (w j\u0119zyku angielskim) odb\u0119dzie si\u0119 w dniach <strong>12-14 maja 2023 <\/strong>na Wydziale Biologii Uniwersytetu Warszawskiego, z mo\u017cliwo\u015bci\u0105 uczestnictwa zdalnego. <strong>Rejestracja trwa do 22 marca 2023<\/strong>.<\/p>\n<p>Sympozjum skierowane jest do student\u00f3w i doktorant\u00f3w zwi\u0105zanych z Biotechnologi\u0105 i pokrewnymi naukami przyrodniczymi. Tak jak podczas poprzednich edycji Sympozjum, uczestnicy b\u0119d\u0105 mieli szans\u0119 przedstawi\u0107 swoje badania podczas sesji ustnych oraz posterowych, a tak\u017ce wys\u0142ucha\u0107 wyk\u0142ad\u00f3w naukowc\u00f3w i przedstawicieli przemys\u0142u biotechnologicznego. Informacje o prelegentach, patronach i sponsorach Sympozjum s\u0105 sukcesywnie umieszczane na mediach spo\u0142eczno\u015bciowych Sympozjum i Stowarzyszenia oraz na stronie internetowej Sympozjum.<\/p>\n<p>&nbsp;<\/p>\n<p>Op\u0142ata konferencyjna wynosi <strong>150 PLN\/35 EUR<\/strong> i obejmuje pe\u0142ne uczestnictwo we wszystkich wydarzeniach naukowych Sympozjum, dwa ciep\u0142e posi\u0142ki (w sobot\u0119 i niedziel\u0119), pakiet konferencyjny, certyfikat uczestnictwa, elektroniczn\u0105 lub papierow\u0105 wersj\u0119 ksi\u0119gi abstrakt\u00f3w oraz wst\u0119p na wydarzenia integracyjne.<\/p>\n<p>&nbsp;<\/p>\n<p>Dodatkowo, by umo\u017cliwi\u0107 wi\u0119kszej liczbie os\u00f3b dost\u0119p do poruszanych na Sympozjum tre\u015bci, umo\u017cliwiamy zdalny udzia\u0142 w wydarzeniu. Jest on mo\u017cliwy tylko dla biernych uczestnik\u00f3w. W takim przypadku op\u0142ata konferencyjna wynosi <strong>50 PLN\/12 EUR<\/strong> i obejmuje dost\u0119p do transmisji na \u017cywo ze wszystkich wydarze\u0144 naukowych Sympozjum, elektroniczn\u0105 wersj\u0119 ksi\u0119gi abstrakt\u00f3w oraz certyfikat uczestnictwa online.<\/p>\n<p><strong><img loading=\"lazy\" class=\"alignnone wp-image-151665\" src=\"https:\/\/up.lublin.pl\/agrobio\/wp-content\/uploads\/sites\/2\/2023\/03\/Plakat.png\" alt=\"\" width=\"509\" height=\"720\" \/><\/strong><\/p>\n<p>Formularz rejestracyjny: <a href=\"https:\/\/symbioza.us15.list-manage.com\/track\/click?u=e59ac28928ac65767df84db74&amp;id=eb5a0404df&amp;e=a6b9f162fa\">https:\/\/msb.symbioza.edu.pl\/en\/registration\/<\/a><\/p>\n<p>Strona internetowa konferencji: <a href=\"https:\/\/symbioza.us15.list-manage.com\/track\/click?u=e59ac28928ac65767df84db74&amp;id=b8b6b8b26a&amp;e=a6b9f162fa\">https:\/\/msb.symbioza.edu.pl\/en\/<\/a><\/p>\n<p>\u200bFacebook: <a href=\"https:\/\/symbioza.us15.list-manage.com\/track\/click?u=e59ac28928ac65767df84db74&amp;id=1b7ea01407&amp;e=a6b9f162fa\">https:\/\/www.facebook.com\/msbsymbioza<\/a><\/p>\n<p>Strona internetowa Warszawskiego Stowarzyszenia Biotechnologicznego &#8216;Symbioza&#8217;: <a href=\"https:\/\/symbioza.us15.list-manage.com\/track\/click?u=e59ac28928ac65767df84db74&amp;id=1f8b0cb45c&amp;e=a6b9f162fa\">https:\/\/symbioza.edu.pl\/en\/<\/a><\/p>\n<p>&nbsp;<\/p>\n","protected":false},"excerpt":{"rendered":"<p>Szanowni Pa\u0144stwo, Jednym z najwa\u017cniejszych dzia\u0142a\u0144, maj\u0105cych na celu na celu rozw\u00f3j nauki, jest dawanie badaczom, niezale\u017cnie od etapu, na kt\u00f3rym obecnie znajduje si\u0119 ich kariera zawodowa, szansy na wymian\u0119 my\u015bli oraz wskaz\u00f3wek dotycz\u0105cych ich pracy. Jako Warszawskie Stowarzyszenie Biotechnologiczne \u201cSymbioza\u201d co roku postanawiamy do\u0142o\u017cy\u0107 do tego swoj\u0105 cegie\u0142k\u0119, organizuj\u0105c og\u00f3lnopolskie i mi\u0119dzynarodowe konferencje. &nbsp; [&hellip;]<\/p>\n","protected":false},"author":207,"featured_media":0,"comment_status":"closed","ping_status":"closed","sticky":false,"template":"","format":"standard","meta":{"_monsterinsights_skip_tracking":false,"_monsterinsights_sitenote_active":false,"_monsterinsights_sitenote_note":"","_monsterinsights_sitenote_category":0},"categories":[12],"tags":[],"_links":{"self":[{"href":"https:\/\/up.lublin.pl\/agrobio\/wp-json\/wp\/v2\/posts\/151635"}],"collection":[{"href":"https:\/\/up.lublin.pl\/agrobio\/wp-json\/wp\/v2\/posts"}],"about":[{"href":"https:\/\/up.lublin.pl\/agrobio\/wp-json\/wp\/v2\/types\/post"}],"author":[{"embeddable":true,"href":"https:\/\/up.lublin.pl\/agrobio\/wp-json\/wp\/v2\/users\/207"}],"replies":[{"embeddable":true,"href":"https:\/\/up.lublin.pl\/agrobio\/wp-json\/wp\/v2\/comments?post=151635"}],"version-history":[{"count":12,"href":"https:\/\/up.lublin.pl\/agrobio\/wp-json\/wp\/v2\/posts\/151635\/revisions"}],"predecessor-version":[{"id":151671,"href":"https:\/\/up.lublin.pl\/agrobio\/wp-json\/wp\/v2\/posts\/151635\/revisions\/151671"}],"wp:attachment":[{"href":"https:\/\/up.lublin.pl\/agrobio\/wp-json\/wp\/v2\/media?parent=151635"}],"wp:term":[{"taxonomy":"category","embeddable":true,"href":"https:\/\/up.lublin.pl\/agrobio\/wp-json\/wp\/v2\/categories?post=151635"},{"taxonomy":"post_tag","embeddable":true,"href":"https:\/\/up.lublin.pl\/agrobio\/wp-json\/wp\/v2\/tags?post=151635"}],"curies":[{"name":"wp","href":"https:\/\/api.w.org\/{rel}","templated":true}]}}