{"id":151588,"date":"2023-03-09T14:57:58","date_gmt":"2023-03-09T13:57:58","guid":{"rendered":"https:\/\/up.lublin.pl\/agrobio\/?p=151588"},"modified":"2023-03-09T15:00:30","modified_gmt":"2023-03-09T14:00:30","slug":"vi-ogolnopolska-konferencja-naukowa-studentow-badania-innowacje-i-pasje-z-perspektywy-mlodego-naukowca","status":"publish","type":"post","link":"https:\/\/up.lublin.pl\/agrobio\/vi-ogolnopolska-konferencja-naukowa-studentow-badania-innowacje-i-pasje-z-perspektywy-mlodego-naukowca\/","title":{"rendered":"VI Og\u00f3lnopolska Konferencja Naukowa Student\u00f3w, Badania, innowacje i pasje z perspektywy m\u0142odego naukowca"},"content":{"rendered":"<div>\n<p style=\"text-align: justify\">Szanowni Pa\u0144stwo,<\/p>\n<p>&nbsp;<\/p>\n<p style=\"text-align: justify\">Pa\u0144stwowa Akademia Nauk Stosowanych w Kro\u015bnie ma przyjemno\u015b\u0107 zaprosi\u0107 na<br \/>\nVI Og\u00f3lnopolsk\u0105 Konferencj\u0119 Naukow\u0105 Student\u00f3w, Badania, innowacje i<br \/>\npasje z perspektywy m\u0142odego naukowca, kt\u00f3ra odbywa\u0107 si\u0119 b\u0119dzie w dniu 18<br \/>\nmaja 2023 roku w Kro\u015bnie, w formie online.<\/p>\n<p>&nbsp;<\/p>\n<p style=\"text-align: justify\">Konferencja b\u0119dzie platform\u0105 do przedstawienia osi\u0105gni\u0119\u0107 naukowych<br \/>\nStudent\u00f3w na forum akademickim, zdobycia dodatkowej wiedzy z zakresu<br \/>\nnauk medycznych, technicznych, spo\u0142ecznych oraz promowania aktywno\u015bci<br \/>\nstudenckiej.<\/p>\n<p>&nbsp;<\/p>\n<\/div>\n<div><a href=\"https:\/\/up.lublin.pl\/agrobio\/wp-content\/uploads\/sites\/2\/2023\/03\/I-KOMUNIKAT-VI-Ogolnopolska-Konferencja-SKN.pdf\">I KOMUNIKAT &#8211; VI Og\u00f3lnopolska Konferencja SKN<\/a><\/div>\n<div><\/div>\n","protected":false},"excerpt":{"rendered":"<p>Szanowni Pa\u0144stwo, &nbsp; Pa\u0144stwowa Akademia Nauk Stosowanych w Kro\u015bnie ma przyjemno\u015b\u0107 zaprosi\u0107 na VI Og\u00f3lnopolsk\u0105 Konferencj\u0119 Naukow\u0105 Student\u00f3w, Badania, innowacje i pasje z perspektywy m\u0142odego naukowca, kt\u00f3ra odbywa\u0107 si\u0119 b\u0119dzie w dniu 18 maja 2023 roku w Kro\u015bnie, w formie online. &nbsp; Konferencja b\u0119dzie platform\u0105 do przedstawienia osi\u0105gni\u0119\u0107 naukowych Student\u00f3w na forum akademickim, zdobycia dodatkowej [&hellip;]<\/p>\n","protected":false},"author":207,"featured_media":0,"comment_status":"closed","ping_status":"closed","sticky":false,"template":"","format":"standard","meta":{"_monsterinsights_skip_tracking":false,"_monsterinsights_sitenote_active":false,"_monsterinsights_sitenote_note":"","_monsterinsights_sitenote_category":0},"categories":[12],"tags":[],"_links":{"self":[{"href":"https:\/\/up.lublin.pl\/agrobio\/wp-json\/wp\/v2\/posts\/151588"}],"collection":[{"href":"https:\/\/up.lublin.pl\/agrobio\/wp-json\/wp\/v2\/posts"}],"about":[{"href":"https:\/\/up.lublin.pl\/agrobio\/wp-json\/wp\/v2\/types\/post"}],"author":[{"embeddable":true,"href":"https:\/\/up.lublin.pl\/agrobio\/wp-json\/wp\/v2\/users\/207"}],"replies":[{"embeddable":true,"href":"https:\/\/up.lublin.pl\/agrobio\/wp-json\/wp\/v2\/comments?post=151588"}],"version-history":[{"count":8,"href":"https:\/\/up.lublin.pl\/agrobio\/wp-json\/wp\/v2\/posts\/151588\/revisions"}],"predecessor-version":[{"id":151600,"href":"https:\/\/up.lublin.pl\/agrobio\/wp-json\/wp\/v2\/posts\/151588\/revisions\/151600"}],"wp:attachment":[{"href":"https:\/\/up.lublin.pl\/agrobio\/wp-json\/wp\/v2\/media?parent=151588"}],"wp:term":[{"taxonomy":"category","embeddable":true,"href":"https:\/\/up.lublin.pl\/agrobio\/wp-json\/wp\/v2\/categories?post=151588"},{"taxonomy":"post_tag","embeddable":true,"href":"https:\/\/up.lublin.pl\/agrobio\/wp-json\/wp\/v2\/tags?post=151588"}],"curies":[{"name":"wp","href":"https:\/\/api.w.org\/{rel}","templated":true}]}}