{"id":151553,"date":"2023-03-08T13:14:51","date_gmt":"2023-03-08T12:14:51","guid":{"rendered":"https:\/\/up.lublin.pl\/agrobio\/?p=151553"},"modified":"2023-03-08T13:16:07","modified_gmt":"2023-03-08T12:16:07","slug":"student-naszego-wydzialu-zdobyl-i-miejsce-w-finale-wojewodzkim-olimpiady-mlodych-producentow-rolnych","status":"publish","type":"post","link":"https:\/\/up.lublin.pl\/agrobio\/student-naszego-wydzialu-zdobyl-i-miejsce-w-finale-wojewodzkim-olimpiady-mlodych-producentow-rolnych\/","title":{"rendered":"Student naszego wydzia\u0142u zdoby\u0142 I miejsce w Finale Wojew\u00f3dzkim Olimpiady M\u0142odych Producent\u00f3w Rolnych"},"content":{"rendered":"<div style=\"text-align: justify\">\n<p><span id=\"ext-gen1762\" class=\"mcntx193iq5w mcntxeuugli mcntx13faqbe mcntx1vvkbs mcntx1xmvt09 mcntx1lliihq mcntx1s928wv mcntxhkezso mcntx1gmr53x mcntx1cpjm7i mcntx1fgarty mcntx1943h6x mcntxudqn12 mcntx3x7a5m mcntx6prxxf mcntxvq8zen mcntxo1l8bm mcntxzsf02u mcntx1yc453h\">Z dum\u0105 og\u0142aszamy, i\u017c Pan in\u017c. Rafa\u0142 Wnuczek, Cz\u0142onek Studenckiego Ko\u0142a Naukowego Agronom\u00f3w, Student II roku II stopnia kierunku rolnictwo, zdoby\u0142 I miejsce w Finale Wojew\u00f3dzkim Olimpiady M\u0142odych Producent\u00f3w Rolnych! Serdecznie gratulujemy i \u017cyczymy dalszych sukces\u00f3w!<\/span><\/p>\n<\/div>\n<p>&nbsp;<\/p>\n<div><img loading=\"lazy\" class=\"alignnone wp-image-151554\" src=\"https:\/\/up.lublin.pl\/agrobio\/wp-content\/uploads\/sites\/2\/2023\/03\/333058263_3028419417465049_1607867537047278114_n.jpg\" alt=\"\" width=\"525\" height=\"700\" \/><\/div>\n","protected":false},"excerpt":{"rendered":"<p>Z dum\u0105 og\u0142aszamy, i\u017c Pan in\u017c. Rafa\u0142 Wnuczek, Cz\u0142onek Studenckiego Ko\u0142a Naukowego Agronom\u00f3w, Student II roku II stopnia kierunku rolnictwo, zdoby\u0142 I miejsce w Finale Wojew\u00f3dzkim Olimpiady M\u0142odych Producent\u00f3w Rolnych! Serdecznie gratulujemy i \u017cyczymy dalszych sukces\u00f3w! &nbsp;<\/p>\n","protected":false},"author":207,"featured_media":0,"comment_status":"closed","ping_status":"closed","sticky":false,"template":"","format":"standard","meta":{"_monsterinsights_skip_tracking":false,"_monsterinsights_sitenote_active":false,"_monsterinsights_sitenote_note":"","_monsterinsights_sitenote_category":0},"categories":[12],"tags":[],"_links":{"self":[{"href":"https:\/\/up.lublin.pl\/agrobio\/wp-json\/wp\/v2\/posts\/151553"}],"collection":[{"href":"https:\/\/up.lublin.pl\/agrobio\/wp-json\/wp\/v2\/posts"}],"about":[{"href":"https:\/\/up.lublin.pl\/agrobio\/wp-json\/wp\/v2\/types\/post"}],"author":[{"embeddable":true,"href":"https:\/\/up.lublin.pl\/agrobio\/wp-json\/wp\/v2\/users\/207"}],"replies":[{"embeddable":true,"href":"https:\/\/up.lublin.pl\/agrobio\/wp-json\/wp\/v2\/comments?post=151553"}],"version-history":[{"count":8,"href":"https:\/\/up.lublin.pl\/agrobio\/wp-json\/wp\/v2\/posts\/151553\/revisions"}],"predecessor-version":[{"id":151561,"href":"https:\/\/up.lublin.pl\/agrobio\/wp-json\/wp\/v2\/posts\/151553\/revisions\/151561"}],"wp:attachment":[{"href":"https:\/\/up.lublin.pl\/agrobio\/wp-json\/wp\/v2\/media?parent=151553"}],"wp:term":[{"taxonomy":"category","embeddable":true,"href":"https:\/\/up.lublin.pl\/agrobio\/wp-json\/wp\/v2\/categories?post=151553"},{"taxonomy":"post_tag","embeddable":true,"href":"https:\/\/up.lublin.pl\/agrobio\/wp-json\/wp\/v2\/tags?post=151553"}],"curies":[{"name":"wp","href":"https:\/\/api.w.org\/{rel}","templated":true}]}}