{"id":150577,"date":"2023-02-14T13:14:43","date_gmt":"2023-02-14T12:14:43","guid":{"rendered":"https:\/\/up.lublin.pl\/agrobio\/?p=150577"},"modified":"2023-02-14T13:14:43","modified_gmt":"2023-02-14T12:14:43","slug":"zmarl-dr-henryk-sieroslawski","status":"publish","type":"post","link":"https:\/\/up.lublin.pl\/agrobio\/zmarl-dr-henryk-sieroslawski\/","title":{"rendered":"Zmar\u0142 dr Henryk Sieros\u0142awski"},"content":{"rendered":"<p>&nbsp;<\/p>\n<p><img loading=\"lazy\" class=\"aligncenter wp-image-150578\" src=\"https:\/\/up.lublin.pl\/agrobio\/wp-content\/uploads\/sites\/2\/2023\/02\/H.-Sieroslawski.jpg\" alt=\"\" width=\"230\" height=\"193\" \/><\/p>\n<p>&nbsp;<\/p>\n<p style=\"text-align: center\"><strong>Z g\u0142\u0119bokim \u017calem zawiadamiamy, \u017ce w dniu 10 lutego 2023 r. zmar\u0142<\/strong><\/p>\n<p style=\"text-align: center\">\n<p style=\"text-align: center\"><strong>\u015a. \u2020 P.<\/strong><\/p>\n<p style=\"text-align: center\"><strong>\u00a0<\/strong><\/p>\n<p style=\"text-align: center\"><strong>dr Henryk Sieros\u0142awski<\/strong><\/p>\n<p style=\"text-align: center\"><em>\u00a0<\/em><\/p>\n<p style=\"text-align: center\">emerytowany nauczyciel akademicki, d\u0142ugoletni pracownik naukowo-dydaktyczny i dydaktyczny Katedry Agrometeorologii, Uniwersytetu Przyrodniczego w Lublinie,<\/p>\n<p>&nbsp;<\/p>\n<p style=\"text-align: center\">Cze\u015b\u0107 Jego Pami\u0119ci!<\/p>\n<p style=\"text-align: center\">\n<p>&nbsp;<\/p>\n<p>&nbsp;<\/p>\n<p style=\"text-align: center\">Rodzinie Zmar\u0142ego wyrazy g\u0142\u0119bokiego \u017calu i wsp\u00f3\u0142czucia<\/p>\n<p style=\"text-align: center\">sk\u0142adaj\u0105<\/p>\n<p>&nbsp;<\/p>\n<p style=\"text-align: center\">Pracownicy Zak\u0142adu Agrometeorologii i Katedry Technologii Produkcji Ro\u015blinnej i Towaroznawstwa<\/p>\n<p style=\"text-align: center\">\u00a0oraz<\/p>\n<p style=\"text-align: center\">Dziekan i Kolegium Dzieka\u0144skie Wydzia\u0142u Agrobioin\u017cynierii,<\/p>\n<p style=\"text-align: center\">pracownicy i studenci<\/p>\n<p style=\"text-align: center\">Uniwersytetu Przyrodniczego w Lublinie<\/p>\n<p>&nbsp;<\/p>\n<p>&nbsp;<\/p>\n<p style=\"text-align: center\"><em>Uroczysto\u015bci pogrzebowe odb\u0119d\u0105 si\u0119 16 lutego 2023 r.<\/em><\/p>\n<p style=\"text-align: center\"><em>Msza \u015bw. o godzinie 13.00 w kaplicy na Cmentarzu Rzymskokatolickim przy ulicy Unickiej w Lublinie, <\/em><\/p>\n<p style=\"text-align: center\"><em>a nast\u0119pnie pogrzeb na miejscowym cmentarzu<\/em><\/p>\n","protected":false},"excerpt":{"rendered":"<p>&nbsp; &nbsp; Z g\u0142\u0119bokim \u017calem zawiadamiamy, \u017ce w dniu 10 lutego 2023 r. zmar\u0142 \u015a. \u2020 P. \u00a0 dr Henryk Sieros\u0142awski \u00a0 emerytowany nauczyciel akademicki, d\u0142ugoletni pracownik naukowo-dydaktyczny i dydaktyczny Katedry Agrometeorologii, Uniwersytetu Przyrodniczego w Lublinie, &nbsp; Cze\u015b\u0107 Jego Pami\u0119ci! &nbsp; &nbsp; Rodzinie Zmar\u0142ego wyrazy g\u0142\u0119bokiego \u017calu i wsp\u00f3\u0142czucia sk\u0142adaj\u0105 &nbsp; Pracownicy Zak\u0142adu Agrometeorologii i [&hellip;]<\/p>\n","protected":false},"author":207,"featured_media":0,"comment_status":"closed","ping_status":"closed","sticky":false,"template":"","format":"standard","meta":{"_monsterinsights_skip_tracking":false,"_monsterinsights_sitenote_active":false,"_monsterinsights_sitenote_note":"","_monsterinsights_sitenote_category":0},"categories":[12],"tags":[],"_links":{"self":[{"href":"https:\/\/up.lublin.pl\/agrobio\/wp-json\/wp\/v2\/posts\/150577"}],"collection":[{"href":"https:\/\/up.lublin.pl\/agrobio\/wp-json\/wp\/v2\/posts"}],"about":[{"href":"https:\/\/up.lublin.pl\/agrobio\/wp-json\/wp\/v2\/types\/post"}],"author":[{"embeddable":true,"href":"https:\/\/up.lublin.pl\/agrobio\/wp-json\/wp\/v2\/users\/207"}],"replies":[{"embeddable":true,"href":"https:\/\/up.lublin.pl\/agrobio\/wp-json\/wp\/v2\/comments?post=150577"}],"version-history":[{"count":8,"href":"https:\/\/up.lublin.pl\/agrobio\/wp-json\/wp\/v2\/posts\/150577\/revisions"}],"predecessor-version":[{"id":150589,"href":"https:\/\/up.lublin.pl\/agrobio\/wp-json\/wp\/v2\/posts\/150577\/revisions\/150589"}],"wp:attachment":[{"href":"https:\/\/up.lublin.pl\/agrobio\/wp-json\/wp\/v2\/media?parent=150577"}],"wp:term":[{"taxonomy":"category","embeddable":true,"href":"https:\/\/up.lublin.pl\/agrobio\/wp-json\/wp\/v2\/categories?post=150577"},{"taxonomy":"post_tag","embeddable":true,"href":"https:\/\/up.lublin.pl\/agrobio\/wp-json\/wp\/v2\/tags?post=150577"}],"curies":[{"name":"wp","href":"https:\/\/api.w.org\/{rel}","templated":true}]}}