{"id":150036,"date":"2023-01-10T11:20:40","date_gmt":"2023-01-10T10:20:40","guid":{"rendered":"https:\/\/up.lublin.pl\/agrobio\/?p=150036"},"modified":"2023-01-12T11:21:29","modified_gmt":"2023-01-12T10:21:29","slug":"dr-inz-kamila-rybczynska-tkaczyk-edytorem-goscinnym-w-czasopismie-frontiers-in-genetics-100-pkt-if4772","status":"publish","type":"post","link":"https:\/\/up.lublin.pl\/agrobio\/dr-inz-kamila-rybczynska-tkaczyk-edytorem-goscinnym-w-czasopismie-frontiers-in-genetics-100-pkt-if4772\/","title":{"rendered":"Dr in\u017c. Kamila Rybczy\u0144ska-Tkaczyk edytorem go\u015bcinnym w czasopi\u015bmie Frontiers in Genetics (100 pkt, IF=4,772)"},"content":{"rendered":"\t\t<div data-elementor-type=\"wp-post\" data-elementor-id=\"150036\" class=\"elementor elementor-150036\" data-elementor-settings=\"[]\">\n\t\t\t\t\t\t<div class=\"elementor-inner\">\n\t\t\t\t\t\t\t<div class=\"elementor-section-wrap\">\n\t\t\t\t\t\t\t<section class=\"elementor-section elementor-top-section elementor-element elementor-element-dd60c3a elementor-section-boxed elementor-section-height-default elementor-section-height-default\" data-id=\"dd60c3a\" data-element_type=\"section\">\n\t\t\t\t\t\t<div class=\"elementor-container elementor-column-gap-default\">\n\t\t\t\t\t\t\t<div class=\"elementor-row\">\n\t\t\t\t\t<div class=\"elementor-column elementor-col-100 elementor-top-column elementor-element elementor-element-e1e9ee7\" data-id=\"e1e9ee7\" data-element_type=\"column\">\n\t\t\t<div class=\"elementor-column-wrap elementor-element-populated\">\n\t\t\t\t\t\t\t<div class=\"elementor-widget-wrap\">\n\t\t\t\t\t\t<div class=\"elementor-element elementor-element-ea5a12f elementor-widget elementor-widget-m5c\" data-id=\"ea5a12f\" data-element_type=\"widget\" data-widget_type=\"m5c.default\">\n\t\t\t\t<div class=\"elementor-widget-container\">\n\t\t\t<section class=\"mn-m5-c mn-m5-d2 mn-bg-white\">\n\t<div class=\"mn-grid\">\n\t\t\t\t<div class=\"mn-content mn-grid-9\">\n\t\t\t                <div class=\"mn-content-block active\">\n\t                                                        <div class=\"block-text\">\n\t                                        <p>Mi\u0142o nam poinformowa\u0107, \u017ce dr in\u017c. Kamila Rybczy\u0144ska-Tkaczyk z&nbsp;Katedry Mikrobiologii \u015arodowiskowej Wydzia\u0142u Agrobioin\u017cynierii jest edytorem go\u015bcinnym numeru specjalnego <strong>\u201c<\/strong><a href=\"https:\/\/www.frontiersin.org\/research-topics\/49971\"><strong>The Causal Factors of Cancer and the Medicine of Cancer: Overlapping of Microbiology and Oncology<\/strong><\/a><strong>\u201d <\/strong>w czasopi\u015bmie <strong>Frontiers in Genetics<\/strong> <strong>(100 pkt, IF= 4,772), <\/strong>obejmuj\u0105cym nast\u0119puj\u0105ce dziedziny i&nbsp;dyscypliny: <strong>in\u017cynieria biomedyczna; nauki farmaceutyczne; nauki medyczne; nauki o&nbsp;kulturze fizycznej; nauki o&nbsp;zdrowiu; nauki le\u015bne; rolnictwo i&nbsp;ogrodnictwo; technologia \u017cywno\u015bci i&nbsp;\u017cywienia; weterynaria; zootechnika i&nbsp;rybactwo; nauki biologiczne.<\/strong><\/p>\n<p>Czynniki mikrobiologiczne bior\u0105 udzia\u0142 w&nbsp;powstawaniu nowotwor\u00f3w, niemniej jednak, badania prowadzone w&nbsp;ostatnich latach i&nbsp;pr\u00f3by kliniczne pokazuj\u0105, \u017ce mikroorganizmy mog\u0105 by\u0107 tak\u017ce istotnym, ale nie do ko\u0144ca poznanym sprzymierze\u0144cem w&nbsp;walce z&nbsp;rakiem. Wirusy mo\u017cna modyfikowa\u0107 w&nbsp;taki spos\u00f3b, aby by\u0142y nieszkodliwe dla gospodarza, ale pobudza\u0142y uk\u0142ad odporno\u015bciowy pacjenta do walki z&nbsp;rakiem. Ponadto bakterie wytwarzaj\u0105 substancje, kt\u00f3re powoduj\u0105 liz\u0119 kom\u00f3rek nowotworowych, powoduj\u0105c jednocze\u015bnie uwolnienie licznych neoantygen\u00f3w, kt\u00f3re aktywuj\u0105 uk\u0142ad odporno\u015bciowy do walki z&nbsp;kom\u00f3rkami nowotworowymi. Badania kliniczne pokazuj\u0105, \u017ce zmodyfikowane bakterie lub metabolity bakteryjne mog\u0105 by\u0107 <br \/>z powodzeniem wykorzystywane do wspomagania terapii przeciwnowotworowych.<\/p>\n<p>Wi\u0119cej informacji na <a href=\"https:\/\/www.frontiersin.org\/research-topics\/49971\/the-causal-factors-of-cancer-and-the-medicine-of-cancer-overlapping-of-microbiology-and-oncology\">stronie czasopisma<\/a>.<\/p>\n<p>Serdecznie zapraszamy wszystkich zainteresowanych pracownik\u00f3w Uczelni, kt\u00f3rych badania naukowe zwi\u0105zane s\u0105 z&nbsp;tematyk\u0105 numeru specjalnego do zg\u0142aszania publikacji.<\/p>\n<p>Mile widziane s\u0105 prace badawcze (oryginalne) oraz przegl\u0105dowe dotycz\u0105ce mi\u0119dzy innymi zagadnie\u0144:<\/p>\n<ul>\n<li>wp\u0142yw metabolit\u00f3w bakteryjnych na DNA kom\u00f3rki gospodarza<\/li>\n<li>toksyczne dzia\u0142anie substancji pochodzenia mikrobiologicznego na kom\u00f3rki nowotworowe i&nbsp;ich materia\u0142 genetyczny<\/li>\n<li>profil mutacyjny nowotwor\u00f3w w&nbsp;zale\u017cno\u015bci od dzia\u0142ania substancji pochodzenia mikrobiologicznego<\/li>\n<li>funkcjonowanie system\u00f3w naprawy genetycznej cz\u0142owieka w&nbsp;obliczu wp\u0142ywu mikroorganizm\u00f3w i&nbsp;ich metabolit\u00f3w na powstawanie uszkodze\u0144 DNA gospodarza<\/li>\n<li>wspomaganie naprawy uszkodze\u0144 genetycznych przez mikroorganizmy i&nbsp;ich metabolity<\/li>\n<\/ul>\n<p>Badania bioinformatyczne s\u0105 tak\u017ce mile widziane, jednak nie powinny opiera\u0107 si\u0119 wy\u0142\u0105cznie na analizie publicznie dost\u0119pnych zbior\u00f3w danych, takich jak TCGA. Niezb\u0119dna jest analiza niezale\u017cnej kohorty walidacyjnej w&nbsp;celu potwierdzenia statystycznie istotnych wynik\u00f3w bada\u0144 <em>in silico<\/em>.<\/p>\n<p><strong>Edytorzy go\u015bcinni:<\/strong><\/p>\n<ul>\n<li><strong>Dr hab. n. med. Anna Grenda <\/strong>(Uniwersytet Medyczny w&nbsp;Lublinie, Katedra i&nbsp;Klinika Pneumonologii, Onkologii i&nbsp;Alergologii, Pracownia Immunologii i&nbsp;Genetyki)<\/li>\n<li><strong>Dr Ewelina Iwan <\/strong>(Pa\u0144stwowy Instytut Weterynaryjny PIB w&nbsp;Pu\u0142awach, Zak\u0142ad Analiz Omicznych)<\/li>\n<li><strong>Maik Luu<\/strong> <strong>PhD <\/strong>(University Hospital W\u00fcrzburg W\u00fcrzburg, Germany)<\/li>\n<li><strong>Dr in\u017c. Kamila Rybczy\u0144ska-Tkaczyk <\/strong>(Uniwersytet Przyrodniczy w&nbsp;Lublinie, Wydzia\u0142 Agrobioin\u017cynierii, Katedra Mikrobiologii \u015arodowiskowej)<\/li>\n<\/ul>\n                                        <\/div>\n\t\t\t\t\t\t                                <\/div>\n\t\t\t\t                <div class=\"mn-content-block\">\n\t                                <\/div>\n\t\t\t\t                <div class=\"mn-content-block\">\n\t                                <\/div>\n\t\t\t\t                <div class=\"mn-content-block\">\n\t                                <\/div>\n\t\t\t\t                <div class=\"mn-content-block\">\n\t                                <\/div>\n\t\t\t\t                <div class=\"mn-content-block\">\n\t                                <\/div>\n\t\t\t\t                <div class=\"mn-content-block\">\n\t                                <\/div>\n\t\t\t\t                <div class=\"mn-content-block\">\n\t                                <\/div>\n\t\t\t\t                <div class=\"mn-content-block\">\n\t                                <\/div>\n\t\t\t\t                <div class=\"mn-content-block\">\n\t                                <\/div>\n\t\t\t\t                <div class=\"mn-content-block\">\n\t                                <\/div>\n\t\t\t\t                <div class=\"mn-content-block\">\n\t                                <\/div>\n\t\t\t\t                <div class=\"mn-content-block\">\n\t                                <\/div>\n\t\t\t\t                <div class=\"mn-content-block\">\n\t                                <\/div>\n\t\t\t\t                <div class=\"mn-content-block\">\n\t                                <\/div>\n\t\t\t\t                <div class=\"mn-content-block\">\n\t                                <\/div>\n\t\t\t\t                <div class=\"mn-content-block\">\n\t                                <\/div>\n\t\t\t\t                <div class=\"mn-content-block\">\n\t                                <\/div>\n\t\t\t\t                <div class=\"mn-content-block\">\n\t                                <\/div>\n\t\t\t\t                <div class=\"mn-content-block\">\n\t                                <\/div>\n\t\t\t\t\t\t<\/div>\n\t<\/div>\n<\/section>\n\t\t<\/div>\n\t\t\t\t<\/div>\n\t\t\t\t\t\t<\/div>\n\t\t\t\t\t<\/div>\n\t\t<\/div>\n\t\t\t\t\t\t\t\t<\/div>\n\t\t\t\t\t<\/div>\n\t\t<\/section>\n\t\t\t\t\t\t<\/div>\n\t\t\t\t\t\t<\/div>\n\t\t\t\t\t<\/div>\n\t\t","protected":false},"excerpt":{"rendered":"<p>Mi\u0142o nam poinformowa\u0107, \u017ce dr in\u017c. Kamila Rybczy\u0144ska-Tkaczyk z\u00a0Katedry Mikrobiologii \u015arodowiskowej Wydzia\u0142u Agrobioin\u017cynierii jest edytorem go\u015bcinnym numeru specjalnego \u201cThe Causal Factors of Cancer and the Medicine of Cancer: Overlapping of Microbiology and Oncology\u201d w czasopi\u015bmie Frontiers in Genetics (100 pkt, IF= 4,772), obejmuj\u0105cym nast\u0119puj\u0105ce dziedziny i\u00a0dyscypliny: in\u017cynieria biomedyczna; nauki farmaceutyczne; nauki medyczne; nauki o\u00a0kulturze fizycznej; [&hellip;]<\/p>\n","protected":false},"author":2,"featured_media":150037,"comment_status":"closed","ping_status":"closed","sticky":false,"template":"elementor_header_footer","format":"standard","meta":{"_monsterinsights_skip_tracking":false,"_monsterinsights_sitenote_active":false,"_monsterinsights_sitenote_note":"","_monsterinsights_sitenote_category":0},"categories":[12],"tags":[],"_links":{"self":[{"href":"https:\/\/up.lublin.pl\/agrobio\/wp-json\/wp\/v2\/posts\/150036"}],"collection":[{"href":"https:\/\/up.lublin.pl\/agrobio\/wp-json\/wp\/v2\/posts"}],"about":[{"href":"https:\/\/up.lublin.pl\/agrobio\/wp-json\/wp\/v2\/types\/post"}],"author":[{"embeddable":true,"href":"https:\/\/up.lublin.pl\/agrobio\/wp-json\/wp\/v2\/users\/2"}],"replies":[{"embeddable":true,"href":"https:\/\/up.lublin.pl\/agrobio\/wp-json\/wp\/v2\/comments?post=150036"}],"version-history":[{"count":5,"href":"https:\/\/up.lublin.pl\/agrobio\/wp-json\/wp\/v2\/posts\/150036\/revisions"}],"predecessor-version":[{"id":150045,"href":"https:\/\/up.lublin.pl\/agrobio\/wp-json\/wp\/v2\/posts\/150036\/revisions\/150045"}],"wp:featuredmedia":[{"embeddable":true,"href":"https:\/\/up.lublin.pl\/agrobio\/wp-json\/wp\/v2\/media\/150037"}],"wp:attachment":[{"href":"https:\/\/up.lublin.pl\/agrobio\/wp-json\/wp\/v2\/media?parent=150036"}],"wp:term":[{"taxonomy":"category","embeddable":true,"href":"https:\/\/up.lublin.pl\/agrobio\/wp-json\/wp\/v2\/categories?post=150036"},{"taxonomy":"post_tag","embeddable":true,"href":"https:\/\/up.lublin.pl\/agrobio\/wp-json\/wp\/v2\/tags?post=150036"}],"curies":[{"name":"wp","href":"https:\/\/api.w.org\/{rel}","templated":true}]}}