{"id":150029,"date":"2023-01-11T08:39:42","date_gmt":"2023-01-11T07:39:42","guid":{"rendered":"https:\/\/up.lublin.pl\/agrobio\/?p=150029"},"modified":"2023-01-11T08:39:42","modified_gmt":"2023-01-11T07:39:42","slug":"glowny-inspektorat-ochrony-srodowiska-zaprasza-do-wziecia-udzialu-w-wydarzeniu-porozmawiajmy-o-srodowisku","status":"publish","type":"post","link":"https:\/\/up.lublin.pl\/agrobio\/glowny-inspektorat-ochrony-srodowiska-zaprasza-do-wziecia-udzialu-w-wydarzeniu-porozmawiajmy-o-srodowisku\/","title":{"rendered":"G\u0142\u00f3wny Inspektorat Ochrony \u015arodowiska zaprasza do wzi\u0119cia udzia\u0142u w wydarzeniu &#8220;Porozmawiajmy o \u015brodowisku&#8221;"},"content":{"rendered":"<p><img loading=\"lazy\" class=\"alignnone wp-image-150030\" src=\"https:\/\/up.lublin.pl\/agrobio\/wp-content\/uploads\/sites\/2\/2023\/01\/GIOS-zaproszenie-2023.jpg\" alt=\"\" width=\"1061\" height=\"1500\" \/><\/p>\n","protected":false},"excerpt":{"rendered":"","protected":false},"author":207,"featured_media":0,"comment_status":"closed","ping_status":"closed","sticky":false,"template":"","format":"standard","meta":{"_monsterinsights_skip_tracking":false,"_monsterinsights_sitenote_active":false,"_monsterinsights_sitenote_note":"","_monsterinsights_sitenote_category":0},"categories":[12],"tags":[],"_links":{"self":[{"href":"https:\/\/up.lublin.pl\/agrobio\/wp-json\/wp\/v2\/posts\/150029"}],"collection":[{"href":"https:\/\/up.lublin.pl\/agrobio\/wp-json\/wp\/v2\/posts"}],"about":[{"href":"https:\/\/up.lublin.pl\/agrobio\/wp-json\/wp\/v2\/types\/post"}],"author":[{"embeddable":true,"href":"https:\/\/up.lublin.pl\/agrobio\/wp-json\/wp\/v2\/users\/207"}],"replies":[{"embeddable":true,"href":"https:\/\/up.lublin.pl\/agrobio\/wp-json\/wp\/v2\/comments?post=150029"}],"version-history":[{"count":2,"href":"https:\/\/up.lublin.pl\/agrobio\/wp-json\/wp\/v2\/posts\/150029\/revisions"}],"predecessor-version":[{"id":150035,"href":"https:\/\/up.lublin.pl\/agrobio\/wp-json\/wp\/v2\/posts\/150029\/revisions\/150035"}],"wp:attachment":[{"href":"https:\/\/up.lublin.pl\/agrobio\/wp-json\/wp\/v2\/media?parent=150029"}],"wp:term":[{"taxonomy":"category","embeddable":true,"href":"https:\/\/up.lublin.pl\/agrobio\/wp-json\/wp\/v2\/categories?post=150029"},{"taxonomy":"post_tag","embeddable":true,"href":"https:\/\/up.lublin.pl\/agrobio\/wp-json\/wp\/v2\/tags?post=150029"}],"curies":[{"name":"wp","href":"https:\/\/api.w.org\/{rel}","templated":true}]}}