{"id":149679,"date":"2022-12-20T08:08:20","date_gmt":"2022-12-20T07:08:20","guid":{"rendered":"https:\/\/up.lublin.pl\/agrobio\/?p=149679"},"modified":"2022-12-20T10:06:07","modified_gmt":"2022-12-20T09:06:07","slug":"szkolenie-autocad","status":"publish","type":"post","link":"https:\/\/up.lublin.pl\/agrobio\/szkolenie-autocad\/","title":{"rendered":"Szkolenie AutoCAD"},"content":{"rendered":"<p><strong>Studencie! ! Studentko!<\/strong><\/p>\n<p>Serdecznie zapraszamy do udzia\u0142u w Certyfikowanym szkoleniu z obs\u0142ugi programu AutoCAD<\/p>\n<p>Szczeg\u00f3\u0142owych informacji udziela i prowadzi zapisy:<\/p>\n<p>Biuro Karier<\/p>\n<p>Lublin, ul. G\u0142\u0119boka 31 (p. 115B)<\/p>\n<p>tel. 81 445 66 05, 81 445 67 19<\/p>\n<p>e-mail: szkolenia@up.lublin.pl, www.bk.up.lublin.pl<\/p>\n<p>PLAKAT:<\/p>\n<p><a href=\"https:\/\/up.lublin.pl\/wip\/wp-content\/uploads\/sites\/7\/2022\/12\/Plakat-AutoCAD-5.pdf\">https:\/\/up.lublin.pl\/wip\/wp-content\/uploads\/sites\/7\/2022\/12\/Plakat-AutoCAD-5.pdf<\/a><\/p>\n<p>&nbsp;<\/p>\n","protected":false},"excerpt":{"rendered":"<p>Studencie! ! Studentko! Serdecznie zapraszamy do udzia\u0142u w Certyfikowanym szkoleniu z obs\u0142ugi programu AutoCAD Szczeg\u00f3\u0142owych informacji udziela i prowadzi zapisy: Biuro Karier Lublin, ul. G\u0142\u0119boka 31 (p. 115B) tel. 81 445 66 05, 81 445 67 19 e-mail: szkolenia@up.lublin.pl, www.bk.up.lublin.pl PLAKAT: https:\/\/up.lublin.pl\/wip\/wp-content\/uploads\/sites\/7\/2022\/12\/Plakat-AutoCAD-5.pdf &nbsp;<\/p>\n","protected":false},"author":214,"featured_media":0,"comment_status":"closed","ping_status":"closed","sticky":false,"template":"","format":"standard","meta":{"_monsterinsights_skip_tracking":false,"_monsterinsights_sitenote_active":false,"_monsterinsights_sitenote_note":"","_monsterinsights_sitenote_category":0},"categories":[12],"tags":[],"_links":{"self":[{"href":"https:\/\/up.lublin.pl\/agrobio\/wp-json\/wp\/v2\/posts\/149679"}],"collection":[{"href":"https:\/\/up.lublin.pl\/agrobio\/wp-json\/wp\/v2\/posts"}],"about":[{"href":"https:\/\/up.lublin.pl\/agrobio\/wp-json\/wp\/v2\/types\/post"}],"author":[{"embeddable":true,"href":"https:\/\/up.lublin.pl\/agrobio\/wp-json\/wp\/v2\/users\/214"}],"replies":[{"embeddable":true,"href":"https:\/\/up.lublin.pl\/agrobio\/wp-json\/wp\/v2\/comments?post=149679"}],"version-history":[{"count":4,"href":"https:\/\/up.lublin.pl\/agrobio\/wp-json\/wp\/v2\/posts\/149679\/revisions"}],"predecessor-version":[{"id":149713,"href":"https:\/\/up.lublin.pl\/agrobio\/wp-json\/wp\/v2\/posts\/149679\/revisions\/149713"}],"wp:attachment":[{"href":"https:\/\/up.lublin.pl\/agrobio\/wp-json\/wp\/v2\/media?parent=149679"}],"wp:term":[{"taxonomy":"category","embeddable":true,"href":"https:\/\/up.lublin.pl\/agrobio\/wp-json\/wp\/v2\/categories?post=149679"},{"taxonomy":"post_tag","embeddable":true,"href":"https:\/\/up.lublin.pl\/agrobio\/wp-json\/wp\/v2\/tags?post=149679"}],"curies":[{"name":"wp","href":"https:\/\/api.w.org\/{rel}","templated":true}]}}