{"id":149538,"date":"2022-12-09T14:04:19","date_gmt":"2022-12-09T13:04:19","guid":{"rendered":"https:\/\/up.lublin.pl\/agrobio\/?p=149538"},"modified":"2022-12-12T12:31:59","modified_gmt":"2022-12-12T11:31:59","slug":"panele-dyskusyjne-z-przedstawicielami-pracodawcow-oraz-instytucji-rynku-pracy","status":"publish","type":"post","link":"https:\/\/up.lublin.pl\/agrobio\/panele-dyskusyjne-z-przedstawicielami-pracodawcow-oraz-instytucji-rynku-pracy\/","title":{"rendered":"Panele dyskusyjne z przedstawicielami pracodawc\u00f3w oraz instytucji rynku pracy"},"content":{"rendered":"\t\t<div data-elementor-type=\"wp-post\" data-elementor-id=\"149538\" class=\"elementor elementor-149538\" data-elementor-settings=\"[]\">\n\t\t\t\t\t\t<div class=\"elementor-inner\">\n\t\t\t\t\t\t\t<div class=\"elementor-section-wrap\">\n\t\t\t\t\t\t\t<section class=\"elementor-section elementor-top-section elementor-element elementor-element-c26b8a5 elementor-section-boxed elementor-section-height-default elementor-section-height-default\" data-id=\"c26b8a5\" data-element_type=\"section\">\n\t\t\t\t\t\t<div class=\"elementor-container elementor-column-gap-default\">\n\t\t\t\t\t\t\t<div class=\"elementor-row\">\n\t\t\t\t\t<div class=\"elementor-column elementor-col-100 elementor-top-column elementor-element elementor-element-35a3d69\" data-id=\"35a3d69\" data-element_type=\"column\">\n\t\t\t<div class=\"elementor-column-wrap elementor-element-populated\">\n\t\t\t\t\t\t\t<div class=\"elementor-widget-wrap\">\n\t\t\t\t\t\t<div class=\"elementor-element elementor-element-95fa26c elementor-widget elementor-widget-m5c\" data-id=\"95fa26c\" data-element_type=\"widget\" data-widget_type=\"m5c.default\">\n\t\t\t\t<div class=\"elementor-widget-container\">\n\t\t\t<section class=\"mn-m5-c mn-m5-d2 mn-bg-white\">\n\t<div class=\"mn-grid\">\n\t\t\t\t<div class=\"mn-content mn-grid-9\">\n\t\t\t                <div class=\"mn-content-block active\">\n\t                                                        <div class=\"block-text\">\n\t                                        <p><strong>W dniach 28 i\u00a030 listopada 2022 r. odby\u0142y si\u0119 kolejne (17 i\u00a018 edycja) panele dyskusyjne z\u00a0przedstawicielami pracodawc\u00f3w oraz instytucji rynku pracy. Oba wydarzenia skierowane by\u0142y do student\u00f3w Uniwersytetu Przyrodniczego w\u00a0Lublinie i\u00a0mia\u0142y na celu ich lepsze przygotowanie do wej\u015bcia na rynek pracy.<br \/><\/strong><\/p>\n<p><img loading=\"lazy\" class=\"alignnone size-full wp-image-304776\" src=\"https:\/\/up.lublin.pl\/wp-content\/uploads\/2022\/12\/grafika-2022.png\" alt=\"\" width=\"1500\" height=\"476\" \/><\/p>\n<p>Panele organizowane przez doradczynie zawodowe uczelnianego Biura Karier, Dzia\u0142 Kszta\u0142cenia Praktycznego i\u00a0Ustawicznego: mgr in\u017c. Dorot\u0119 Piekutowsk\u0105 oraz mgr Magdalen\u0119 Bohuniuk,\u00a0 cyklicznie w\u00a0ramach projektu \u201e<em>Zintegrowany Program Rozwoju Uniwersytetu Przyrodniczego w\u00a0Lublinie<\/em>\u201d, zgodnie z\u00a0wnioskiem\u00a0<em>nr POWR.03.05.00-00-Z232\/17 w\u00a0ramach: Osi Priorytetowej III Szkolnictwo wy\u017csze dla gospodarki i\u00a0rozwoju, Dzia\u0142ania 3.5 Kompleksowe programy szk\u00f3\u0142 wy\u017cszych, Programu Operacyjnego Wiedza Edukacja Rozw\u00f3j (POWER)<\/em>.<\/p>\n<p>W trakcie spotka\u0144 studenci uzyskali informacje na temat zasad rekrutacji oraz mo\u017cliwo\u015bci rozwoju w\u00a0konkretnych bran\u017cach dedykowanych kierunkom kszta\u0142cenia w\u00a0UP\u00a0 w\u00a0Lublinie. Zapoznali si\u0119 ze specyfik\u0105 pracy na okre\u015blonych stanowiskach, z\u00a0wymaganiami stawianymi kandydatom, z\u00a0procesem rekrutacji, z\u00a0mo\u017cliwo\u015bciami rozwoju osobistego oraz ze \u015bcie\u017ckami kariery. Ka\u017cda z\u00a0prezentacji by\u0142a inspiracj\u0105 do rozwa\u017ca\u0144 nad problemami, z\u00a0jakimi musi zmierzy\u0107 si\u0119 absolwent Uczelni stawiaj\u0105cy pierwsze kroki na rynku pracy.<\/p>\n<p><img loading=\"lazy\" class=\"alignnone size-full wp-image-304855\" src=\"https:\/\/up.lublin.pl\/wp-content\/uploads\/2022\/12\/DSC_8871.jpg\" alt=\"\" width=\"1500\" height=\"1000\" \/>W gronie Panelist\u00f3w zaprezentowali si\u0119:<\/p>\n<p>1.<strong>\u00a0Andrzej \u015acibura<\/strong>\u00a0\u2013 Dyrektor Regionalny o\/ Lublin Firma BaWay.<br \/>2.\u00a0<strong>Arkadiusz Grelak<\/strong>\u00a0\u2013 Inspektor Rolnictwa Ekologicznego Firma EKOGWARANCJA PTRE Sp. z\u00a0o.o.<br \/>3. Dr in\u017c.\u00a0<strong>Marek Sta\u0144czak<\/strong>\u00a0Kierownik Gospodarstwa oraz dr in\u017c.\u00a0<strong>Pawe\u0142 Gierasimiuk<\/strong>\u00a0\u2013 Gospodarstwo Ogrodniczo \u2013 Szk\u00f3\u0142karskie Paw\u0142a D\u0105browskiego i\u00a0Marty D\u0105browskiej, Agronom Plants i\u00a0Agronom Beeris<br \/>4.\u00a0<strong>Magdalena Kiebasi\u0144ska<\/strong>\u00a0\u2013 Specjalista ds. operacyjnych Inkubatora Technologicznego i\u00a0Administracji, Dzia\u0142 Infrastruktury i\u00a0Administrowania Lubelskiego Parku Naukowo \u2013 Technologicznego S.A. Obiektami oraz Joanna Majewska \u2013 Koordynator projektu Lubelski Park Naukowo \u2013 Technologiczny S.A.<br \/>5.\u00a0<strong>Rafa\u0142 Flaga<\/strong>\u00a0\u2013 Doradca regionalny ds. Zintegrowanego Systemu Kwalifikacji, Instytut Bada\u0144 Edukacyjnych<br \/>6.\u00a0<strong>Dorota Marniak<\/strong>\u00a0\u2013 Program Manager Camp Leaders Poland sp. z\u00a0o.o. \u2013 Firma Camp Leaders<\/p>\n<h5><img loading=\"lazy\" class=\"alignnone size-full wp-image-304859 alignright\" src=\"https:\/\/up.lublin.pl\/wp-content\/uploads\/2022\/12\/DSC_8886.jpg\" alt=\"\" width=\"1500\" height=\"1000\" \/><\/h5>\n<p>Ka\u017cdy z\u00a0prelegent\u00f3w poruszy\u0142 istotne zagadnienia z\u00a0ro\u017cnych obszar\u00f3w rynku pracy i\u00a0zainteresowa\u0144 bran\u017cowych, motywuj\u0105cych uczestnik\u00f3w do rozwoju zawodowego. Wyst\u0105pienia by\u0142y inspiracj\u0105 do dyskusji ze studentami.\u00a0<\/p>\n<p><img loading=\"lazy\" class=\"alignnone size-full wp-image-304908\" src=\"https:\/\/up.lublin.pl\/wp-content\/uploads\/2022\/12\/DSC_9023.jpg\" alt=\"\" width=\"1500\" height=\"1000\" \/>\u00a0<img loading=\"lazy\" class=\"alignnone size-medium wp-image-304912\" src=\"https:\/\/up.lublin.pl\/wp-content\/uploads\/2022\/12\/DSC_9061.jpg\" alt=\"\" width=\"1280\" height=\"853\" \/>Dotychczas na wszystkich \u201ePanelach z\u00a0Pracodawcami\u201d go\u015bcili\u015bmy mi\u0119dzy innymi:<strong>\u00a0Dorot\u0119 Kozak<\/strong>\u00a0\u2013 Zast\u0119pc\u0119 Dyrektora Lubelskiego Oddzia\u0142u Regionalnego ARiMR oraz\u00a0<strong>Magdalen\u0119 Misiurek<\/strong>\u00a0\u2013 Kierownika Biura Zarz\u0105dzania Zasobami Ludzkimi Lubelskiego Oddzia\u0142u Regionalnego ARiMR. Agencja Restrukturyzacji i\u00a0Modernizacji Rolnictwa (ARiMR),\u00a0<strong>Mart\u0119 Sad\u0142owsk\u0105<\/strong>\u00a0oraz\u00a0<strong>Jolant\u0119 Tkaczyk<\/strong>\u00a0\u2013 Doradczynie EURES, Wojew\u00f3dzki Urz\u0105d Pracy w\u00a0Lublinie,\u00a0<strong>Magdalen\u0119 Olszow\u0105<\/strong>\u00a0w\u0142a\u015bcicielk\u0119 Domowego Hotelu dla Ps\u00f3w \u201eU Reksa\u201d,\u00a0<strong>King\u0119 \u0179rubek \u2013\u00a0<\/strong>Technika Weterynarii z\u00a0wieloletnim do\u015bwiadczeniem behawioralnym, w\u0142a\u015bcicielk\u0119 Firmy \u201eMi\u0119dzy Uszami\u201d,\u00a0<strong>Gra\u017cyn\u0119 Gwiazd\u0119<\/strong>\u00a0\u2013 Dyrektora Powiatowego Urz\u0119du Pracy w\u00a0Lublinie, przedstawicieli Firmy Stock-Polska Sp. z\u00a0o.o.:\u00a0<strong>Patrycj\u0119 Rudnick\u0105<\/strong>\u00a0\u2013 NPD Junior Manager,\u00a0<strong>Joann\u0119 Dawidowicz<\/strong>\u00a0\u2013 R&amp;D Manager,<strong>\u00a0Micha\u0142a<\/strong>\u00a0<strong>Krup\u0119<\/strong>\u00a0\u2013 Lidera Zespo\u0142u Zakup\u00f3w,<strong>\u00a0Kamila Szarug\u0119<\/strong>\u00a0\u2013 Lidera zespo\u0142u produkcyjnego,\u00a0<strong>Konrada Grochowskiego<\/strong>\u00a0\u2013 Kierownika Obszaru,\u00a0<strong>Ann\u0119 Olszewsk\u0105<\/strong>\u00a0\u2013 Kierownika Jako\u015bci oraz\u00a0<strong>Agnieszk\u0119 Krzy\u017canowsk\u0105<\/strong>\u00a0\u2013 Specjalist\u0119 ds. Komunikacji Wewn\u0119trznej,\u00a0\u00a0<strong>Daniela Kowalskiego<\/strong>\u00a0\u2013 Managera Dzia\u0142u Zakup\u00f3w Produkcyjnych Polska w\u00a0WSK PZL \u2013 \u015awidnik S.A.,\u00a0<strong>Aleksandr\u0119 Bar\u0119<\/strong>\u00a0\u2013 Projekt Managera European Institute of Innovation &amp; Technology EIT Food,\u00a0<strong>Artura Dubaja<\/strong>\u00a0\u2013 G\u0142\u00f3wnego Technologa i\u00a0Kierownika Winiarni Ambra S.A.,\u00a0<strong>Roberta Bronisza<\/strong>\u00a0\u2013 Dyrektora Zak\u0142adu ABM Greiffenberger Polska Sp. z\u00a0o.o.<strong>\u00a0Magd\u0119 Kotyra<\/strong>\u00a0\u2013 ViceKomandora Szko\u0142y Jachtingu Yacht Klub Polski, dr<strong>\u00a0Artura Krukowskego<\/strong>\u00a0\u2013 Naczelnika I\u00a0Urz\u0119du Skarbowego w\u00a0Lublinie<strong>\u00a0Marcina Wieremczuka<\/strong>\u00a0\u2013 Product Managera Firma Timac Agro Polska Sp.z o.o. oraz\u00a0<strong>Marka Mazura<\/strong>\u00a0\u2013 Regionalnego Dyrektora Sprzeda\u017cy Firma Timac Agro Polska Sp.z o.o.,\u00a0<strong>Jacka Paprot\u0119<\/strong>\u00a0\u2013 Dyrektora Generalnego Lubelskiej Fundacji Rozwoju,\u00a0<strong>Jerzego W\u00f3jcika<\/strong>\u00a0\u2013 w\u0142a\u015bciciela \u201eKoncertowa\u201d, Pana Leszka K\u0119dzierawskiego \u2013 Prezesa Zarz\u0105du Zwi\u0105zku Przedsi\u0119biorc\u00f3w i\u00a0Pracodawc\u00f3w Lubelskie,\u00a0<strong>Marka Gogacza<\/strong>\u00a0\u2013 w\u0142a\u015bciciela Firmy Gux Zak\u0142ad Us\u0142ug Technicznych.<\/p>\n<p><img loading=\"lazy\" class=\"alignnone size-full wp-image-304916\" src=\"https:\/\/up.lublin.pl\/wp-content\/uploads\/2022\/12\/DSC_9028.jpg\" alt=\"\" width=\"1500\" height=\"1000\" \/>Wybrane relacje z\u00a0poprzednich spotka\u0144:<br \/><a href=\"https:\/\/bk.up.lublin.pl\/relacja-z-wydarzenia-panel-z-pracodawcami\">https:\/\/bk.up.lublin.pl\/relacja-z-wydarzenia-panel-z-pracodawcami<\/a><br \/><a href=\"https:\/\/up.lublin.pl\/foodscience\/panel-z-pracodawcami\/\">https:\/\/up.lublin.pl\/foodscience\/panel-z-pracodawcami\/<\/a><br \/><a href=\"https:\/\/up.lublin.pl\/foodscience\/kolejny-panel-z-pracodawcami\/\">https:\/\/up.lublin.pl\/foodscience\/kolejny-panel-z-pracodawcami\/<\/a><br \/><a href=\"https:\/\/www.instagram.com\/wydzial.inzynierii.up\/\">https:\/\/www.instagram.com\/wydzial.inzynierii.up\/<\/a><br \/><a href=\"https:\/\/bk.up.lublin.pl\/relacja-z-wydarzenia-panelowego\">https:\/\/bk.up.lublin.pl\/relacja-z-wydarzenia-panelowego<\/a><\/p>\n<p><img loading=\"lazy\" class=\"alignnone size-full wp-image-304920\" src=\"https:\/\/up.lublin.pl\/wp-content\/uploads\/2022\/12\/DSC_9076.jpg\" alt=\"\" width=\"1391\" height=\"927\" \/><br \/>Zapraszamy na nast\u0119pne \u201dPanele z\u00a0Pracodawcami\u201d i\u00a0do wsp\u00f3\u0142pracy z\u00a0Biurem Karier.<\/p>\n<p><strong>Kolejne spotkanie zaplanowano na 15 grudnia br.<\/strong><\/p>\n<p>Szczeg\u00f3\u0142owe informacje na stronie uczelnianego Biura Karier:<br \/><a href=\"https:\/\/bk.up.lublin.pl\/O-nas\">https:\/\/bk.up.lublin.pl\/O-nas<\/a><\/p>\n<h5><em>Opracowanie: Biuro Karier<br \/>zdj\u0119cia: Alicja Jaroszewska \/DRiP<\/em><\/h5>\n                                        <\/div>\n\t\t\t\t\t\t                                                        <div class=\"mn-cards-list\">\n                                            <div class=\"mn-card-container\">\n                                                <div>\n                                                    <img src=\"https:\/\/up.lublin.pl\/agrobio\/wp-content\/themes\/up-lublin\/assets\/images\/doc-ico.svg\" alt=\"\" \/>\n                                                    <h5>Galeria<\/h5>\n                                                <\/div>\n                                                <a href=\"https:\/\/up.lublin.pl\/blog\/galeria\/panel-z-pracodawcami-edycja-xvii-i-xviii\/\" class=\"mn-more\" target=\"_blank\">Zobacz<\/a>\n                                            <\/div>\n                                        <\/div>\n\t\t\t\t\t\t                                                        <div class=\"mn-cards-list\">\n                                            <div class=\"mn-card-container\">\n                                                <div>\n                                                    <img src=\"https:\/\/up.lublin.pl\/agrobio\/wp-content\/themes\/up-lublin\/assets\/images\/doc-ico.svg\" alt=\"\" \/>\n                                                    <h5>Lubelski Park Naukowo-Technologiczny - relacja<\/h5>\n                                                <\/div>\n                                                <a href=\" https:\/\/www.facebook.com\/lublinscienceandtechnologypark?__cft__[0]=AZXiP4uN_ocOQk4JC7YI6GrujCkxTN0mD0g7g_BmrHRTjLSh9r6TK1jIIkPQzoe2AUQZ7fra7lN4_oYcEn3NFJTgNdOVgzElnTEnEVO27so_aOmX0kVg_rzEUpIaCvn7EyqPL8RDTazsF8JrbLyPx3iDMUYcBcRzwboaJdesRzcCPFpgw1wkpWx6-VjzNSduq0s&amp;__tn__=-UC%2CP-R\" class=\"mn-more\" target=\"_blank\">Zobacz<\/a>\n                                            <\/div>\n                                        <\/div>\n\t\t\t\t\t\t                                <\/div>\n\t\t\t\t                <div class=\"mn-content-block\">\n\t                                <\/div>\n\t\t\t\t                <div class=\"mn-content-block\">\n\t                                <\/div>\n\t\t\t\t                <div class=\"mn-content-block\">\n\t                                <\/div>\n\t\t\t\t                <div class=\"mn-content-block\">\n\t                                <\/div>\n\t\t\t\t                <div class=\"mn-content-block\">\n\t                                <\/div>\n\t\t\t\t                <div class=\"mn-content-block\">\n\t                                <\/div>\n\t\t\t\t                <div class=\"mn-content-block\">\n\t                                <\/div>\n\t\t\t\t                <div class=\"mn-content-block\">\n\t                                <\/div>\n\t\t\t\t                <div class=\"mn-content-block\">\n\t                                <\/div>\n\t\t\t\t                <div class=\"mn-content-block\">\n\t                                <\/div>\n\t\t\t\t                <div class=\"mn-content-block\">\n\t                                <\/div>\n\t\t\t\t                <div class=\"mn-content-block\">\n\t                                <\/div>\n\t\t\t\t                <div class=\"mn-content-block\">\n\t                                <\/div>\n\t\t\t\t                <div class=\"mn-content-block\">\n\t                                <\/div>\n\t\t\t\t                <div class=\"mn-content-block\">\n\t                                <\/div>\n\t\t\t\t                <div class=\"mn-content-block\">\n\t                                <\/div>\n\t\t\t\t                <div class=\"mn-content-block\">\n\t                                <\/div>\n\t\t\t\t                <div class=\"mn-content-block\">\n\t                                <\/div>\n\t\t\t\t                <div class=\"mn-content-block\">\n\t                                <\/div>\n\t\t\t\t\t\t<\/div>\n\t<\/div>\n<\/section>\n\t\t<\/div>\n\t\t\t\t<\/div>\n\t\t\t\t\t\t<\/div>\n\t\t\t\t\t<\/div>\n\t\t<\/div>\n\t\t\t\t\t\t\t\t<\/div>\n\t\t\t\t\t<\/div>\n\t\t<\/section>\n\t\t\t\t\t\t<\/div>\n\t\t\t\t\t\t<\/div>\n\t\t\t\t\t<\/div>\n\t\t","protected":false},"excerpt":{"rendered":"<p>W dniach 28 i\u00a030 listopada 2022 r. odby\u0142y si\u0119 kolejne (17 i\u00a018 edycja) panele dyskusyjne z\u00a0przedstawicielami pracodawc\u00f3w oraz instytucji rynku pracy. Oba wydarzenia skierowane by\u0142y do student\u00f3w Uniwersytetu Przyrodniczego w\u00a0Lublinie i\u00a0mia\u0142y na celu ich lepsze przygotowanie do wej\u015bcia na rynek pracy. Panele organizowane przez doradczynie zawodowe uczelnianego Biura Karier, Dzia\u0142 Kszta\u0142cenia Praktycznego i\u00a0Ustawicznego: mgr in\u017c. [&hellip;]<\/p>\n","protected":false},"author":228,"featured_media":0,"comment_status":"closed","ping_status":"closed","sticky":false,"template":"elementor_header_footer","format":"standard","meta":{"_monsterinsights_skip_tracking":false,"_monsterinsights_sitenote_active":false,"_monsterinsights_sitenote_note":"","_monsterinsights_sitenote_category":0},"categories":[12],"tags":[],"_links":{"self":[{"href":"https:\/\/up.lublin.pl\/agrobio\/wp-json\/wp\/v2\/posts\/149538"}],"collection":[{"href":"https:\/\/up.lublin.pl\/agrobio\/wp-json\/wp\/v2\/posts"}],"about":[{"href":"https:\/\/up.lublin.pl\/agrobio\/wp-json\/wp\/v2\/types\/post"}],"author":[{"embeddable":true,"href":"https:\/\/up.lublin.pl\/agrobio\/wp-json\/wp\/v2\/users\/228"}],"replies":[{"embeddable":true,"href":"https:\/\/up.lublin.pl\/agrobio\/wp-json\/wp\/v2\/comments?post=149538"}],"version-history":[{"count":6,"href":"https:\/\/up.lublin.pl\/agrobio\/wp-json\/wp\/v2\/posts\/149538\/revisions"}],"predecessor-version":[{"id":149586,"href":"https:\/\/up.lublin.pl\/agrobio\/wp-json\/wp\/v2\/posts\/149538\/revisions\/149586"}],"wp:attachment":[{"href":"https:\/\/up.lublin.pl\/agrobio\/wp-json\/wp\/v2\/media?parent=149538"}],"wp:term":[{"taxonomy":"category","embeddable":true,"href":"https:\/\/up.lublin.pl\/agrobio\/wp-json\/wp\/v2\/categories?post=149538"},{"taxonomy":"post_tag","embeddable":true,"href":"https:\/\/up.lublin.pl\/agrobio\/wp-json\/wp\/v2\/tags?post=149538"}],"curies":[{"name":"wp","href":"https:\/\/api.w.org\/{rel}","templated":true}]}}