{"id":149055,"date":"2022-11-09T08:32:47","date_gmt":"2022-11-09T07:32:47","guid":{"rendered":"https:\/\/up.lublin.pl\/agrobio\/?p=149055"},"modified":"2022-11-09T08:32:47","modified_gmt":"2022-11-09T07:32:47","slug":"dni-kierunku-ekonomia-zaproszenie-na-konferencje-w-dniu-15-11-2022-r","status":"publish","type":"post","link":"https:\/\/up.lublin.pl\/agrobio\/dni-kierunku-ekonomia-zaproszenie-na-konferencje-w-dniu-15-11-2022-r\/","title":{"rendered":"Dni Kierunku Ekonomia. Zaproszenie na konferencj\u0119 w dniu 15.11.2022 r."},"content":{"rendered":"<p style=\"text-align: center\">Dziekan, Prodziekan Wydzia\u0142u Agrobioin\u017cynierii oraz Rada Programowa Kierunku Ekonomia<\/p>\n<p style=\"text-align: center\">Uniwersytetu Przyrodniczego w Lublinie zapraszaj\u0105: pracownik\u00f3w, student\u00f3w<\/p>\n<p style=\"text-align: center\">oraz interesariuszy zewn\u0119trznych<\/p>\n<p style=\"text-align: center\">na konferencj\u0119 <strong>po\u015bwi\u0119con\u0105 kreowaniu programu kszta\u0142cenia i planu studi\u00f3w na kierunku <\/strong><\/p>\n<p style=\"text-align: center\"><strong>EKONOMIA<\/strong><\/p>\n<p>&nbsp;<\/p>\n<p>Konferencja odb\u0119dzie si\u0119 <strong>15 listopada 2022r<\/strong>. <strong>w sali konferencyjnej Agro II.<\/strong><\/p>\n<p>&nbsp;<\/p>\n<p><strong>Program konferencji:<\/strong><\/p>\n<p>10.00\u00a0 Otwarcie konferencji i powitanie go\u015bci<\/p>\n<p>10.10\u00a0 Prezentacja celu i programu kszta\u0142cenia oraz zasad dyplomowania na kierunku Ekonomia<\/p>\n<p>10.25\u00a0 Wyst\u0105pienie przedstawiciela Biura Mobilno\u015bci Akademickiej<\/p>\n<p>10.40\u00a0 Wyst\u0105pienie przedstawiciela Dzia\u0142u Kszta\u0142cenia Praktycznego i Ustawicznego<\/p>\n<p>10.50 \u00a0Informacja o dzia\u0142alno\u015bci Studenckiego Ko\u0142a Naukowego Rachunkowo\u015bci i Finans\u00f3w<\/p>\n<p>11.00\u00a0 Wyst\u0105pienia student\u00f3w z zagranicy przebywaj\u0105cych na UP w Lublinie w ramach Programu Erasmus+<\/p>\n<p>11.15\u00a0 Wyst\u0105pienia interesariuszy zewn\u0119trznych<\/p>\n<p>11.30\u00a0 Zako\u0144czenie I cz\u0119\u015bci konferencji<\/p>\n<p>11.35\u00a0 Opinie i uwagi student\u00f3w dotycz\u0105ce programu kszta\u0142cenia na kierunku Ekonomia<\/p>\n<p>&nbsp;<\/p>\n<p>W imieniu organizator\u00f3w<\/p>\n<p>&nbsp;<\/p>\n<p>prof. dr hab. Barbara Ko\u0142odziej \u00a0\u00a0\u00a0\u00a0\u00a0\u00a0\u00a0\u00a0\u00a0\u00a0\u00a0\u00a0\u00a0\u00a0\u00a0\u00a0\u00a0\u00a0\u00a0\u00a0\u00a0\u00a0\u00a0\u00a0\u00a0\u00a0\u00a0\u00a0\u00a0\u00a0 dr hab. Halina Lipi\u0144ska, prof. uczelni<\/p>\n<p>Dziekan Wydzia\u0142u Agrobioin\u017cynierii \u00a0\u00a0\u00a0\u00a0\u00a0\u00a0\u00a0\u00a0\u00a0\u00a0\u00a0\u00a0\u00a0\u00a0\u00a0\u00a0\u00a0\u00a0\u00a0\u00a0\u00a0 Prodziekan Wydzia\u0142u Agrobioin\u017cynierii<\/p>\n<p>&nbsp;<\/p>\n<p style=\"text-align: left;padding-left: 160px\">dr hab. Anna Nowak, prof. uczelni<\/p>\n<p style=\"text-align: left;padding-left: 80px\">Przewodnicz\u0105ca Rady Programowej Kierunku Ekonomia<\/p>\n<p>&nbsp;<\/p>\n<p><a href=\"https:\/\/up.lublin.pl\/agrobio\/wp-content\/uploads\/sites\/2\/2022\/11\/Zaproszenie-na-Dni-Kierunku-Ekonomia_15-listopada-2022.pdf\">Zaproszenie Dni Kierunku Ekonomia<\/a><\/p>\n","protected":false},"excerpt":{"rendered":"<p>Dziekan, Prodziekan Wydzia\u0142u Agrobioin\u017cynierii oraz Rada Programowa Kierunku Ekonomia Uniwersytetu Przyrodniczego w Lublinie zapraszaj\u0105: pracownik\u00f3w, student\u00f3w oraz interesariuszy zewn\u0119trznych na konferencj\u0119 po\u015bwi\u0119con\u0105 kreowaniu programu kszta\u0142cenia i planu studi\u00f3w na kierunku EKONOMIA &nbsp; Konferencja odb\u0119dzie si\u0119 15 listopada 2022r. w sali konferencyjnej Agro II. &nbsp; Program konferencji: 10.00\u00a0 Otwarcie konferencji i powitanie go\u015bci 10.10\u00a0 Prezentacja celu [&hellip;]<\/p>\n","protected":false},"author":207,"featured_media":0,"comment_status":"closed","ping_status":"closed","sticky":false,"template":"","format":"standard","meta":{"_monsterinsights_skip_tracking":false,"_monsterinsights_sitenote_active":false,"_monsterinsights_sitenote_note":"","_monsterinsights_sitenote_category":0},"categories":[12],"tags":[],"_links":{"self":[{"href":"https:\/\/up.lublin.pl\/agrobio\/wp-json\/wp\/v2\/posts\/149055"}],"collection":[{"href":"https:\/\/up.lublin.pl\/agrobio\/wp-json\/wp\/v2\/posts"}],"about":[{"href":"https:\/\/up.lublin.pl\/agrobio\/wp-json\/wp\/v2\/types\/post"}],"author":[{"embeddable":true,"href":"https:\/\/up.lublin.pl\/agrobio\/wp-json\/wp\/v2\/users\/207"}],"replies":[{"embeddable":true,"href":"https:\/\/up.lublin.pl\/agrobio\/wp-json\/wp\/v2\/comments?post=149055"}],"version-history":[{"count":4,"href":"https:\/\/up.lublin.pl\/agrobio\/wp-json\/wp\/v2\/posts\/149055\/revisions"}],"predecessor-version":[{"id":149063,"href":"https:\/\/up.lublin.pl\/agrobio\/wp-json\/wp\/v2\/posts\/149055\/revisions\/149063"}],"wp:attachment":[{"href":"https:\/\/up.lublin.pl\/agrobio\/wp-json\/wp\/v2\/media?parent=149055"}],"wp:term":[{"taxonomy":"category","embeddable":true,"href":"https:\/\/up.lublin.pl\/agrobio\/wp-json\/wp\/v2\/categories?post=149055"},{"taxonomy":"post_tag","embeddable":true,"href":"https:\/\/up.lublin.pl\/agrobio\/wp-json\/wp\/v2\/tags?post=149055"}],"curies":[{"name":"wp","href":"https:\/\/api.w.org\/{rel}","templated":true}]}}