{"id":148925,"date":"2022-11-04T22:27:03","date_gmt":"2022-11-04T21:27:03","guid":{"rendered":"https:\/\/up.lublin.pl\/agrobio\/?p=148925"},"modified":"2022-11-04T22:29:15","modified_gmt":"2022-11-04T21:29:15","slug":"bezpieczne-i-odpowiedzialne-stosowanie-srodkow-ochrony-roslin-seminarium-szkoleniowe","status":"publish","type":"post","link":"https:\/\/up.lublin.pl\/agrobio\/bezpieczne-i-odpowiedzialne-stosowanie-srodkow-ochrony-roslin-seminarium-szkoleniowe\/","title":{"rendered":"Bezpieczne i odpowiedzialne stosowanie \u015brodk\u00f3w ochrony ro\u015blin &#8211; seminarium szkoleniowe"},"content":{"rendered":"<p>Seminarium odb\u0119dzie si\u0119 w \u015brod\u0119 9 listopada od godziny 9 do 14,30 w auli 103 CIW ul G\u0142eboka 28.<\/p>\n<p>&nbsp;<\/p>\n<p>Organizatorem seminarium jest Polskie Stowarzyszenie Ochrony Ro\u015blin.<\/p>\n<p>&nbsp;<\/p>\n<div><\/div>\n<div><a href=\"https:\/\/up.lublin.pl\/agrobio\/wp-content\/uploads\/sites\/2\/2022\/11\/Program-seminarium.pdf\">Program seminarium<\/a>\u00a0 <a href=\"https:\/\/up.lublin.pl\/agrobio\/wp-content\/uploads\/sites\/2\/2022\/11\/Program-seminarium.pdf\"><img loading=\"lazy\" class=\"alignnone size-full wp-image-146519\" src=\"https:\/\/up.lublin.pl\/agrobio\/wp-content\/uploads\/sites\/2\/2022\/07\/ikona-PDF.jpg\" alt=\"\" width=\"35\" height=\"35\" \/><\/a><\/div>\n<div><\/div>\n","protected":false},"excerpt":{"rendered":"<p>Seminarium odb\u0119dzie si\u0119 w \u015brod\u0119 9 listopada od godziny 9 do 14,30 w auli 103 CIW ul G\u0142eboka 28. &nbsp; Organizatorem seminarium jest Polskie Stowarzyszenie Ochrony Ro\u015blin. &nbsp; Program seminarium\u00a0<\/p>\n","protected":false},"author":207,"featured_media":0,"comment_status":"closed","ping_status":"closed","sticky":false,"template":"","format":"standard","meta":{"_monsterinsights_skip_tracking":false,"_monsterinsights_sitenote_active":false,"_monsterinsights_sitenote_note":"","_monsterinsights_sitenote_category":0},"categories":[12],"tags":[],"_links":{"self":[{"href":"https:\/\/up.lublin.pl\/agrobio\/wp-json\/wp\/v2\/posts\/148925"}],"collection":[{"href":"https:\/\/up.lublin.pl\/agrobio\/wp-json\/wp\/v2\/posts"}],"about":[{"href":"https:\/\/up.lublin.pl\/agrobio\/wp-json\/wp\/v2\/types\/post"}],"author":[{"embeddable":true,"href":"https:\/\/up.lublin.pl\/agrobio\/wp-json\/wp\/v2\/users\/207"}],"replies":[{"embeddable":true,"href":"https:\/\/up.lublin.pl\/agrobio\/wp-json\/wp\/v2\/comments?post=148925"}],"version-history":[{"count":4,"href":"https:\/\/up.lublin.pl\/agrobio\/wp-json\/wp\/v2\/posts\/148925\/revisions"}],"predecessor-version":[{"id":148933,"href":"https:\/\/up.lublin.pl\/agrobio\/wp-json\/wp\/v2\/posts\/148925\/revisions\/148933"}],"wp:attachment":[{"href":"https:\/\/up.lublin.pl\/agrobio\/wp-json\/wp\/v2\/media?parent=148925"}],"wp:term":[{"taxonomy":"category","embeddable":true,"href":"https:\/\/up.lublin.pl\/agrobio\/wp-json\/wp\/v2\/categories?post=148925"},{"taxonomy":"post_tag","embeddable":true,"href":"https:\/\/up.lublin.pl\/agrobio\/wp-json\/wp\/v2\/tags?post=148925"}],"curies":[{"name":"wp","href":"https:\/\/api.w.org\/{rel}","templated":true}]}}