{"id":148885,"date":"2022-10-28T23:41:58","date_gmt":"2022-10-28T21:41:58","guid":{"rendered":"https:\/\/up.lublin.pl\/agrobio\/?p=148885"},"modified":"2022-10-28T23:44:19","modified_gmt":"2022-10-28T21:44:19","slug":"dni-kierunku-agrobiznes-rolnictwo-i-bioinzynieria-zaproszenie-na-konferencje-w-dniu-09-11-2022-r","status":"publish","type":"post","link":"https:\/\/up.lublin.pl\/agrobio\/dni-kierunku-agrobiznes-rolnictwo-i-bioinzynieria-zaproszenie-na-konferencje-w-dniu-09-11-2022-r\/","title":{"rendered":"Dni Kierunku agrobiznes, rolnictwo i bioin\u017cynieria. Zaproszenie na konferencj\u0119 w dniu 09.11.2022 r."},"content":{"rendered":"<p style=\"text-align: center\">Konferencja po\u015bwi\u0119cona kreowaniu programu kszta\u0142cenia i planu studi\u00f3w na kierunkach agrobiznes, rolnictwo i bioin\u017cynieria<\/p>\n<p style=\"text-align: center\"><strong>\u00a0<\/strong><\/p>\n<p style=\"text-align: center\"><strong>ZAPROSZENIE<\/strong><\/p>\n<p>&nbsp;<\/p>\n<p style=\"text-align: center\">Dziekan i Prodziekani Wydzia\u0142u Agrobioin\u017cynierii oraz Rady Programowe ds. Kierunk\u00f3w Agrobiznes, Rolnictwo i Bioin\u017cynieria zapraszaj\u0105: pracownik\u00f3w, student\u00f3w oraz interesariuszy zewn\u0119trznych<br \/>\nna konferencj\u0119 <strong>po\u015bwi\u0119con\u0105 kreowaniu programu kszta\u0142cenia i planu studi\u00f3w na kierunkach agrobiznes, rolnictwo i bioin\u017cynieria<\/strong><\/p>\n<p>&nbsp;<\/p>\n<p>Konferencja odb\u0119dzie si\u0119 <strong>09 listopada 2022r.\u00a0w sali konferencyjnej Agro II, w godzinach od 10.00 do 12.00<\/strong><\/p>\n<p>&nbsp;<\/p>\n<p>Program konferencji:<\/p>\n<p>&nbsp;<\/p>\n<p>10.00\u00a0 otwarcie konferencji i powitanie go\u015bci<\/p>\n<p>10.10\u00a0 prezentacja celu i programu kszta\u0142cenia oraz zasad dyplomowania na kierunkach agrobiznes, rolnictwo i bioin\u017cynieria<\/p>\n<p>10.30\u00a0 informacja o udziale student\u00f3w w programie ERASMUS+<\/p>\n<p>10.45\u00a0 informacja o dzia\u0142alno\u015bci student\u00f3w w ko\u0142ach naukowych<\/p>\n<p>11.00\u00a0 wyst\u0105pienia interesariuszy zewn\u0119trznych<\/p>\n<p>11.20\u00a0 zako\u0144czenie I cz\u0119\u015bci konferencji<\/p>\n<p>11.30\u00a0 Spotkanie Rad Programowych ze studentami kierunk\u00f3w agrobiznes, rolnictwo i bioin\u017cynieria: opinie i uwagi dotycz\u0105ce plan\u00f3w studi\u00f3w<\/p>\n<p>12.00\u00a0 zako\u0144czenie konferencji<\/p>\n<p>&nbsp;<\/p>\n<p>&nbsp;<\/p>\n<p>W imieniu organizator\u00f3w<\/p>\n<p>&nbsp;<\/p>\n<p>prof. dr hab. Barbara Ko\u0142odziej<\/p>\n<p>Dziekan Wydzia\u0142u Agrobioin\u017cynierii<\/p>\n<p>&nbsp;<\/p>\n<p>dr hab. Ma\u0142gorzata Haliniarz prof. uczelni<\/p>\n<p>Przewodnicz\u0105ca Rady Programowej ds. kierunku Rolnictwo<\/p>\n<p>&nbsp;<\/p>\n<p>dr hab. Piotr Kraska prof. uczelni<\/p>\n<p>Przewodnicz\u0105cy Rady Programowej ds. kierunku Agrobiznes<\/p>\n<p>&nbsp;<\/p>\n<p>dr hab. Sylwia Oko\u0144 prof. uczelni<\/p>\n<p>Przewodnicz\u0105ca Rady Programowej ds. kierunku Bioin\u017cynieria<\/p>\n<p>&nbsp;<\/p>\n<p><a href=\"https:\/\/up.lublin.pl\/agrobio\/wp-content\/uploads\/sites\/2\/2022\/10\/Zaproszenie-Dni-Kierunku-agrobiznes-rolnictwo-i-bioinzynieria.pdf\">Zaproszenie Dni Kierunku agrobiznes, rolnictwo i bioin\u017cynieria<\/a><\/p>\n","protected":false},"excerpt":{"rendered":"<p>Konferencja po\u015bwi\u0119cona kreowaniu programu kszta\u0142cenia i planu studi\u00f3w na kierunkach agrobiznes, rolnictwo i bioin\u017cynieria \u00a0 ZAPROSZENIE &nbsp; Dziekan i Prodziekani Wydzia\u0142u Agrobioin\u017cynierii oraz Rady Programowe ds. Kierunk\u00f3w Agrobiznes, Rolnictwo i Bioin\u017cynieria zapraszaj\u0105: pracownik\u00f3w, student\u00f3w oraz interesariuszy zewn\u0119trznych na konferencj\u0119 po\u015bwi\u0119con\u0105 kreowaniu programu kszta\u0142cenia i planu studi\u00f3w na kierunkach agrobiznes, rolnictwo i bioin\u017cynieria &nbsp; Konferencja odb\u0119dzie [&hellip;]<\/p>\n","protected":false},"author":207,"featured_media":0,"comment_status":"closed","ping_status":"closed","sticky":false,"template":"","format":"standard","meta":{"_monsterinsights_skip_tracking":false,"_monsterinsights_sitenote_active":false,"_monsterinsights_sitenote_note":"","_monsterinsights_sitenote_category":0},"categories":[12],"tags":[],"_links":{"self":[{"href":"https:\/\/up.lublin.pl\/agrobio\/wp-json\/wp\/v2\/posts\/148885"}],"collection":[{"href":"https:\/\/up.lublin.pl\/agrobio\/wp-json\/wp\/v2\/posts"}],"about":[{"href":"https:\/\/up.lublin.pl\/agrobio\/wp-json\/wp\/v2\/types\/post"}],"author":[{"embeddable":true,"href":"https:\/\/up.lublin.pl\/agrobio\/wp-json\/wp\/v2\/users\/207"}],"replies":[{"embeddable":true,"href":"https:\/\/up.lublin.pl\/agrobio\/wp-json\/wp\/v2\/comments?post=148885"}],"version-history":[{"count":4,"href":"https:\/\/up.lublin.pl\/agrobio\/wp-json\/wp\/v2\/posts\/148885\/revisions"}],"predecessor-version":[{"id":148893,"href":"https:\/\/up.lublin.pl\/agrobio\/wp-json\/wp\/v2\/posts\/148885\/revisions\/148893"}],"wp:attachment":[{"href":"https:\/\/up.lublin.pl\/agrobio\/wp-json\/wp\/v2\/media?parent=148885"}],"wp:term":[{"taxonomy":"category","embeddable":true,"href":"https:\/\/up.lublin.pl\/agrobio\/wp-json\/wp\/v2\/categories?post=148885"},{"taxonomy":"post_tag","embeddable":true,"href":"https:\/\/up.lublin.pl\/agrobio\/wp-json\/wp\/v2\/tags?post=148885"}],"curies":[{"name":"wp","href":"https:\/\/api.w.org\/{rel}","templated":true}]}}