{"id":148875,"date":"2022-10-28T14:42:00","date_gmt":"2022-10-28T12:42:00","guid":{"rendered":"https:\/\/up.lublin.pl\/agrobio\/?p=148875"},"modified":"2022-11-04T12:28:59","modified_gmt":"2022-11-04T11:28:59","slug":"dni-kierunku-lesnictwo-i-agrolesnictwo-zaproszenie-na-konferencje-w-dniu-09-11-2022-r","status":"publish","type":"post","link":"https:\/\/up.lublin.pl\/agrobio\/dni-kierunku-lesnictwo-i-agrolesnictwo-zaproszenie-na-konferencje-w-dniu-09-11-2022-r\/","title":{"rendered":"Dni Kierunku le\u015bnictwo i agrole\u015bnictwo. Zaproszenie na konferencj\u0119 w dniu 08.11.2022 r."},"content":{"rendered":"<p style=\"text-align: center\"><strong>ZAPROSZENIE<\/strong><\/p>\n<p>&nbsp;<\/p>\n<p>Dziekan Wydzia\u0142u Agrobioin\u017cynierii, Prodziekan oraz Rady Programowe ds. Kierunku Le\u015bnictwo i Agrole\u015bnictwo Uniwersytetu Przyrodniczego w Lublinie zapraszaj\u0105<\/p>\n<p style=\"text-align: left;padding-left: 80px\"><strong>pracownik\u00f3w<\/strong><\/p>\n<p style=\"text-align: left;padding-left: 80px\"><strong>student\u00f3w<\/strong><\/p>\n<p style=\"text-align: left;padding-left: 80px\"><strong>oraz interesariuszy zewn\u0119trznych<\/strong><\/p>\n<p>na konferencj\u0119 po\u015bwi\u0119con\u0105 kreowaniu programu kszta\u0142cenia i planu studi\u00f3w na kierunkach le\u015bnictwo (studia pierwszego stopnia w UP) i agrole\u015bnictwo (studia drugiego stopnia w UP).<br \/>\nKonferencja odb\u0119dzie si\u0119 <strong>8 listopada 2022 r.<\/strong> w <strong>sali konferencyjnej Agro II<\/strong>.<\/p>\n<p><strong>\u00a0<\/strong><\/p>\n<p><strong>PROGRAM KONFERENCJI:<\/strong><\/p>\n<p><strong>Cz\u0119\u015b\u0107 I<\/strong><\/p>\n<p>10.00-10.05\u00a0\u00a0\u00a0 Otwarcie konferencji i powitanie go\u015bci<\/p>\n<p>wyst\u0119p <em>Zesp\u00f3\u0142 Sygnalist\u00f3w My\u015bliwskich &#8220;ORION&#8221; przy UP w Lublinie<\/em><\/p>\n<p>&nbsp;<\/p>\n<p>10.05-10.20\u00a0\u00a0\u00a0 Prezentacja kierunku le\u015bnictwo (cel i program kszta\u0142cenia, zasady dyplomowania, propozycje temat\u00f3w prac projektowych)<\/p>\n<p>&nbsp;<\/p>\n<p>10.20-10.35\u00a0\u00a0\u00a0 Prezentacja kierunku agrole\u015bnictwo (cel i program kszta\u0142cenia, zasady dyplomowania, propozycje temat\u00f3w prac magisterskich)<\/p>\n<p>&nbsp;<\/p>\n<p>10.35-10.45\u00a0\u00a0\u00a0 Dzia\u0142alno\u015b\u0107 Studenckiego Ko\u0142a Naukowego Le\u015bnik\u00f3w<\/p>\n<p>&nbsp;<\/p>\n<p>10.45-11.00\u00a0\u00a0\u00a0 Wyk\u0142ad \u201eRzadkie i chronione gatunki zwierz\u0105t wyst\u0119puj\u0105ce w lasach\u201d (<em>Tomasz W\u0105sik<\/em>, p.o. Zast\u0119pcy Regionalnego Dyrektora Ochrony \u015arodowiska \u2013 Regionalnego Konserwatora Przyrody w Lublinie)<\/p>\n<p>&nbsp;<\/p>\n<p>11.00-11.15\u00a0\u00a0\u00a0\u00a0Dyrektor Muzeum Nadwi\u015bla\u0144skiego w Kazimierzu Dolnym (<em>Izabela Andryszczyk<\/em>)<\/p>\n<p>Wyk\u0142ad \u201eWypas owiec w systemie sylwopastoralnym w otulinie zespo\u0142u zamkowo-parkowego Zamku w Janowcu\u201d (<em>Filip Jaroszy\u0144ski<\/em>, p.o. Kierownika Oddzia\u0142u Zamek w Janowcu)<\/p>\n<p>&nbsp;<\/p>\n<p>11.15-11.35\u00a0\u00a0\u00a0 Dyskusja z udzia\u0142em interesariuszy zewn\u0119trznych<\/p>\n<p>&nbsp;<\/p>\n<p>11.35-11.45\u00a0\u00a0\u00a0 Prezentacja Programu Erasmus+ (<em>Biuro Mobilno\u015bci Akademickiej<\/em>)<\/p>\n<p>&nbsp;<\/p>\n<p>11.45-11.55\u00a0\u00a0\u00a0 Wyjazdy studenckie w ramach programu Erasmus+ (<em>Olga Rzeszutek<\/em>)<\/p>\n<p>&nbsp;<\/p>\n<p>11.55\u00a0\u00a0\u00a0\u00a0\u00a0\u00a0\u00a0\u00a0\u00a0\u00a0\u00a0\u00a0\u00a0 Zamkni\u0119cie oficjalnej cz\u0119\u015bci konferencji<\/p>\n<p>&nbsp;<\/p>\n<p><strong>Cz\u0119\u015b\u0107 II (spotkanie ze studentami)<\/strong><\/p>\n<p>12.00-12.20\u00a0\u00a0\u00a0\u00a0 Opinie i uwagi student\u00f3w dotycz\u0105ce programu i planu studi\u00f3w na kierunkach le\u015bnictwo i agrole\u015bnictwo<\/p>\n<p>&nbsp;<\/p>\n<p>&nbsp;<\/p>\n<p>W imieniu Organizator\u00f3w<\/p>\n<p>&nbsp;<\/p>\n<p><em>prof. dr hab. Danuta Urban <\/em><\/p>\n<p>Przewodnicz\u0105ca Rady Programowej Kierunku Le\u015bnictwo<\/p>\n<p>&nbsp;<\/p>\n<p><em>dr hab. Mariusz Kulik, prof. UP<\/em><\/p>\n<p>Przewodnicz\u0105cy Rady Programowej Kierunku Agrole\u015bnictwo<\/p>\n<p>&nbsp;<\/p>\n<p><a href=\"https:\/\/up.lublin.pl\/agrobio\/wp-content\/uploads\/sites\/2\/2022\/10\/Zaproszenie-Dni-Kierunku-lesnictwo-agrolesnictwo-2022-2.pdf\">Zaproszenie wersja PDF<\/a><\/p>\n","protected":false},"excerpt":{"rendered":"<p>ZAPROSZENIE &nbsp; Dziekan Wydzia\u0142u Agrobioin\u017cynierii, Prodziekan oraz Rady Programowe ds. Kierunku Le\u015bnictwo i Agrole\u015bnictwo Uniwersytetu Przyrodniczego w Lublinie zapraszaj\u0105 pracownik\u00f3w student\u00f3w oraz interesariuszy zewn\u0119trznych na konferencj\u0119 po\u015bwi\u0119con\u0105 kreowaniu programu kszta\u0142cenia i planu studi\u00f3w na kierunkach le\u015bnictwo (studia pierwszego stopnia w UP) i agrole\u015bnictwo (studia drugiego stopnia w UP). Konferencja odb\u0119dzie si\u0119 8 listopada 2022 r. [&hellip;]<\/p>\n","protected":false},"author":207,"featured_media":0,"comment_status":"closed","ping_status":"closed","sticky":false,"template":"","format":"standard","meta":{"_monsterinsights_skip_tracking":false,"_monsterinsights_sitenote_active":false,"_monsterinsights_sitenote_note":"","_monsterinsights_sitenote_category":0},"categories":[12],"tags":[],"_links":{"self":[{"href":"https:\/\/up.lublin.pl\/agrobio\/wp-json\/wp\/v2\/posts\/148875"}],"collection":[{"href":"https:\/\/up.lublin.pl\/agrobio\/wp-json\/wp\/v2\/posts"}],"about":[{"href":"https:\/\/up.lublin.pl\/agrobio\/wp-json\/wp\/v2\/types\/post"}],"author":[{"embeddable":true,"href":"https:\/\/up.lublin.pl\/agrobio\/wp-json\/wp\/v2\/users\/207"}],"replies":[{"embeddable":true,"href":"https:\/\/up.lublin.pl\/agrobio\/wp-json\/wp\/v2\/comments?post=148875"}],"version-history":[{"count":21,"href":"https:\/\/up.lublin.pl\/agrobio\/wp-json\/wp\/v2\/posts\/148875\/revisions"}],"predecessor-version":[{"id":148924,"href":"https:\/\/up.lublin.pl\/agrobio\/wp-json\/wp\/v2\/posts\/148875\/revisions\/148924"}],"wp:attachment":[{"href":"https:\/\/up.lublin.pl\/agrobio\/wp-json\/wp\/v2\/media?parent=148875"}],"wp:term":[{"taxonomy":"category","embeddable":true,"href":"https:\/\/up.lublin.pl\/agrobio\/wp-json\/wp\/v2\/categories?post=148875"},{"taxonomy":"post_tag","embeddable":true,"href":"https:\/\/up.lublin.pl\/agrobio\/wp-json\/wp\/v2\/tags?post=148875"}],"curies":[{"name":"wp","href":"https:\/\/api.w.org\/{rel}","templated":true}]}}