{"id":148832,"date":"2022-10-26T19:02:14","date_gmt":"2022-10-26T17:02:14","guid":{"rendered":"https:\/\/up.lublin.pl\/agrobio\/?p=148832"},"modified":"2022-10-26T19:02:14","modified_gmt":"2022-10-26T17:02:14","slug":"inzynieria-ekologiczna-nowy-kierunek-na-wydziale-agrobioinzynierii","status":"publish","type":"post","link":"https:\/\/up.lublin.pl\/agrobio\/inzynieria-ekologiczna-nowy-kierunek-na-wydziale-agrobioinzynierii\/","title":{"rendered":"In\u017cynieria ekologiczna &#8211; nowy kierunek na Wydziale Agrobioin\u017cynierii!"},"content":{"rendered":"<div class=\"mn-content-block active\">\n<div class=\"block-text\">\n<p>Prodziekan Wydzia\u0142u Agrobioin\u017cynierii dr hab. <strong>Sylwia Andruszczak<\/strong>, prof. uczelni zaprasza kandydat\u00f3w na in\u017cynieri\u0119 ekologiczn\u0105 \u2013 najnowszy, innowacyjny kierunek studi\u00f3w. W\u00a0dobie kryzysu \u015brodowiskowego, wychodzi on naprzeciw potrzebom gospodarki \u2013 w\u00a0zakresie ochrony przyrody \u2013 w\u00a0wymiarze teoretycznym i\u00a0praktycznym.<\/p>\n<p>&nbsp;<\/p>\n<p>Zapraszamy do lektury wywiadu, jakiego udzieli\u0142a Profesor Sylwia Andruszczak w\u00a0czasopi\u015bmie dla maturzyst\u00f3w \u201eCogito\u201d nr 9\/2022.<\/p>\n<\/div>\n<div class=\"mn-cards-list\">\n<div class=\"mn-card-container\">\n<div><img src=\"https:\/\/up.lublin.pl\/wp-content\/themes\/up-lublin\/assets\/images\/doc-ico.svg\" alt=\"\" \/><\/p>\n<h5>Artyku\u0142 strona 1<\/h5>\n<\/div>\n<p><a class=\"mn-more\" href=\"https:\/\/up.lublin.pl\/wp-content\/uploads\/2022\/09\/20-21.jpg\" target=\"_blank\" rel=\"noopener\">Zobacz<\/a><\/div>\n<\/div>\n<div class=\"mn-cards-list\">\n<div class=\"mn-card-container\">\n<div><img src=\"https:\/\/up.lublin.pl\/wp-content\/themes\/up-lublin\/assets\/images\/doc-ico.svg\" alt=\"\" \/><\/p>\n<h5>Artyku\u0142 strona 2<\/h5>\n<\/div>\n<p><a class=\"mn-more\" href=\"https:\/\/up.lublin.pl\/wp-content\/uploads\/2022\/09\/22.jpg\" target=\"_blank\" rel=\"noopener\">Zobacz<\/a><\/div>\n<\/div>\n<\/div>\n","protected":false},"excerpt":{"rendered":"<p>Prodziekan Wydzia\u0142u Agrobioin\u017cynierii dr hab. Sylwia Andruszczak, prof. uczelni zaprasza kandydat\u00f3w na in\u017cynieri\u0119 ekologiczn\u0105 \u2013 najnowszy, innowacyjny kierunek studi\u00f3w. W\u00a0dobie kryzysu \u015brodowiskowego, wychodzi on naprzeciw potrzebom gospodarki \u2013 w\u00a0zakresie ochrony przyrody \u2013 w\u00a0wymiarze teoretycznym i\u00a0praktycznym. &nbsp; Zapraszamy do lektury wywiadu, jakiego udzieli\u0142a Profesor Sylwia Andruszczak w\u00a0czasopi\u015bmie dla maturzyst\u00f3w \u201eCogito\u201d nr 9\/2022. Artyku\u0142 strona 1 Zobacz [&hellip;]<\/p>\n","protected":false},"author":207,"featured_media":0,"comment_status":"closed","ping_status":"closed","sticky":false,"template":"","format":"standard","meta":{"_monsterinsights_skip_tracking":false,"_monsterinsights_sitenote_active":false,"_monsterinsights_sitenote_note":"","_monsterinsights_sitenote_category":0},"categories":[12],"tags":[],"_links":{"self":[{"href":"https:\/\/up.lublin.pl\/agrobio\/wp-json\/wp\/v2\/posts\/148832"}],"collection":[{"href":"https:\/\/up.lublin.pl\/agrobio\/wp-json\/wp\/v2\/posts"}],"about":[{"href":"https:\/\/up.lublin.pl\/agrobio\/wp-json\/wp\/v2\/types\/post"}],"author":[{"embeddable":true,"href":"https:\/\/up.lublin.pl\/agrobio\/wp-json\/wp\/v2\/users\/207"}],"replies":[{"embeddable":true,"href":"https:\/\/up.lublin.pl\/agrobio\/wp-json\/wp\/v2\/comments?post=148832"}],"version-history":[{"count":1,"href":"https:\/\/up.lublin.pl\/agrobio\/wp-json\/wp\/v2\/posts\/148832\/revisions"}],"predecessor-version":[{"id":148833,"href":"https:\/\/up.lublin.pl\/agrobio\/wp-json\/wp\/v2\/posts\/148832\/revisions\/148833"}],"wp:attachment":[{"href":"https:\/\/up.lublin.pl\/agrobio\/wp-json\/wp\/v2\/media?parent=148832"}],"wp:term":[{"taxonomy":"category","embeddable":true,"href":"https:\/\/up.lublin.pl\/agrobio\/wp-json\/wp\/v2\/categories?post=148832"},{"taxonomy":"post_tag","embeddable":true,"href":"https:\/\/up.lublin.pl\/agrobio\/wp-json\/wp\/v2\/tags?post=148832"}],"curies":[{"name":"wp","href":"https:\/\/api.w.org\/{rel}","templated":true}]}}