{"id":148823,"date":"2022-10-26T19:03:24","date_gmt":"2022-10-26T17:03:24","guid":{"rendered":"https:\/\/up.lublin.pl\/agrobio\/?p=148823"},"modified":"2022-10-27T14:41:41","modified_gmt":"2022-10-27T12:41:41","slug":"zaproszenie-na-dni-kierunku","status":"publish","type":"post","link":"https:\/\/up.lublin.pl\/agrobio\/zaproszenie-na-dni-kierunku\/","title":{"rendered":"Zaproszenie na Dni Kierunku"},"content":{"rendered":"<p>Szanowni Pa\u0144stwo Studenci oraz Nauczyciele Akademiccy realizuj\u0105cy zaj\u0119cia na Wydziale Agrobioin\u017cynierii!<\/p>\n<p>&nbsp;<\/p>\n<p>Serdecznie zapraszam Pa\u0144stwa do wzi\u0119cia udzia\u0142u w planowanych spotkaniach w ramach Dni Kierunku na poszczeg\u00f3lnych kierunkach studi\u00f3w prowadzonych na Wydziale Agrobioin\u017cynierii w nast\u0119puj\u0105cych terminach:<\/p>\n<p>&nbsp;<\/p>\n<p>w\u00a0dniu <strong>8 listopada 2022 r.<\/strong> (sala konferencyjna Agro II):<\/p>\n<p><strong>10.00 \u2013 12.00 \u00a0&#8211;\u00a0 Dni Kierunku le\u015bnictwo i agrole\u015bnictwo <\/strong><\/p>\n<p>&nbsp;<\/p>\n<p>w\u00a0dniu <strong>9 listopada 2022 r.<\/strong>\u00a0 (sala konferencyjna Agro II):<\/p>\n<p><strong>10.00 \u2013 12.00 &#8211; Dni Kierunku rolnictwo, agrobiznes i bioin\u017cynieria <\/strong><\/p>\n<p>&nbsp;<\/p>\n<p>w\u00a0dniu <strong>15<\/strong><strong> listopada 2022 r.<\/strong> (sala konferencyjna Agro II):<\/p>\n<p><strong>10.00 \u2013 12.00 &#8211; Dni Kierunku ekonomia <\/strong><\/p>\n<p><strong>13.00 \u2013 15.00 &#8211; Dni Kierunku turystyka i rekreacja <\/strong><\/p>\n<p>&nbsp;<\/p>\n<p>w\u00a0dniu <strong>17<\/strong><strong> listopada 2022 r.<\/strong> (sala konferencyjna Agro II):<\/p>\n<p><strong>10.00 \u2013 12.00 &#8211; Dni Kierunku gospodarka przestrzenna <\/strong><\/p>\n<p>&nbsp;<\/p>\n<p><strong>Realizowane w tym czasie zaj\u0119cia dydaktyczne zostaj\u0105 przesuni\u0119te.<\/strong><\/p>\n<p>&nbsp;<\/p>\n<p><strong>Szczeg\u00f3\u0142owe informacje przygotowane przez Rady Programowe na temat planowanych Dni Kierunku odnajdziecie Pa\u0144stwo w najbli\u017cszym czasie na stronie wydzia\u0142owej.<\/strong><\/p>\n<p><strong>\u00a0<\/strong><\/p>\n<p><strong>\u00a0\u00a0\u00a0\u00a0\u00a0\u00a0\u00a0\u00a0\u00a0\u00a0\u00a0\u00a0\u00a0\u00a0\u00a0\u00a0\u00a0\u00a0\u00a0\u00a0\u00a0\u00a0\u00a0\u00a0\u00a0\u00a0\u00a0\u00a0\u00a0\u00a0\u00a0\u00a0\u00a0\u00a0\u00a0\u00a0\u00a0\u00a0\u00a0\u00a0\u00a0\u00a0\u00a0\u00a0\u00a0\u00a0\u00a0\u00a0\u00a0\u00a0\u00a0\u00a0\u00a0\u00a0\u00a0\u00a0\u00a0\u00a0\u00a0\u00a0\u00a0\u00a0\u00a0\u00a0\u00a0\u00a0\u00a0\u00a0\u00a0\u00a0\u00a0\u00a0\u00a0\u00a0\u00a0\u00a0\u00a0\u00a0\u00a0\u00a0\u00a0\u00a0\u00a0 \u00a0 \u00a0 \u00a0 \u00a0 \u00a0 \u00a0 \u00a0 \u00a0 \u00a0 \u00a0 \u00a0 \u00a0 \u00a0 \u00a0\u00a0 \u00a0\u00a0 Dziekan Wydzia\u0142u Agrobioin\u017cynierii<\/strong><\/p>\n<p><strong>\u00a0 \u00a0 \u00a0 \u00a0 \u00a0 \u00a0 \u00a0 \u00a0 \u00a0 \u00a0 \u00a0 \u00a0 \u00a0 \u00a0 \u00a0 \u00a0 \u00a0 \u00a0 \u00a0 \u00a0 \u00a0 \u00a0 \u00a0 \u00a0 \u00a0 \u00a0 \u00a0 \u00a0 \u00a0 \u00a0 \u00a0 \u00a0 \u00a0 \u00a0 \u00a0 \u00a0 \u00a0 \u00a0 \u00a0 \u00a0 \u00a0 \u00a0 \u00a0 \u00a0 \u00a0 \u00a0 \u00a0 \u00a0 \u00a0 \u00a0 \u00a0 \u00a0 \u00a0 \u00a0 \u00a0 \u00a0 \u00a0 \u00a0 \u00a0 \u00a0 \u00a0\u00a0 Prof. dr hab. Barbara Ko\u0142odziej<\/strong><\/p>\n","protected":false},"excerpt":{"rendered":"<p>Szanowni Pa\u0144stwo Studenci oraz Nauczyciele Akademiccy realizuj\u0105cy zaj\u0119cia na Wydziale Agrobioin\u017cynierii! &nbsp; Serdecznie zapraszam Pa\u0144stwa do wzi\u0119cia udzia\u0142u w planowanych spotkaniach w ramach Dni Kierunku na poszczeg\u00f3lnych kierunkach studi\u00f3w prowadzonych na Wydziale Agrobioin\u017cynierii w nast\u0119puj\u0105cych terminach: &nbsp; w\u00a0dniu 8 listopada 2022 r. (sala konferencyjna Agro II): 10.00 \u2013 12.00 \u00a0&#8211;\u00a0 Dni Kierunku le\u015bnictwo i agrole\u015bnictwo [&hellip;]<\/p>\n","protected":false},"author":207,"featured_media":0,"comment_status":"closed","ping_status":"closed","sticky":false,"template":"","format":"standard","meta":{"_monsterinsights_skip_tracking":false,"_monsterinsights_sitenote_active":false,"_monsterinsights_sitenote_note":"","_monsterinsights_sitenote_category":0},"categories":[12],"tags":[],"_links":{"self":[{"href":"https:\/\/up.lublin.pl\/agrobio\/wp-json\/wp\/v2\/posts\/148823"}],"collection":[{"href":"https:\/\/up.lublin.pl\/agrobio\/wp-json\/wp\/v2\/posts"}],"about":[{"href":"https:\/\/up.lublin.pl\/agrobio\/wp-json\/wp\/v2\/types\/post"}],"author":[{"embeddable":true,"href":"https:\/\/up.lublin.pl\/agrobio\/wp-json\/wp\/v2\/users\/207"}],"replies":[{"embeddable":true,"href":"https:\/\/up.lublin.pl\/agrobio\/wp-json\/wp\/v2\/comments?post=148823"}],"version-history":[{"count":11,"href":"https:\/\/up.lublin.pl\/agrobio\/wp-json\/wp\/v2\/posts\/148823\/revisions"}],"predecessor-version":[{"id":148851,"href":"https:\/\/up.lublin.pl\/agrobio\/wp-json\/wp\/v2\/posts\/148823\/revisions\/148851"}],"wp:attachment":[{"href":"https:\/\/up.lublin.pl\/agrobio\/wp-json\/wp\/v2\/media?parent=148823"}],"wp:term":[{"taxonomy":"category","embeddable":true,"href":"https:\/\/up.lublin.pl\/agrobio\/wp-json\/wp\/v2\/categories?post=148823"},{"taxonomy":"post_tag","embeddable":true,"href":"https:\/\/up.lublin.pl\/agrobio\/wp-json\/wp\/v2\/tags?post=148823"}],"curies":[{"name":"wp","href":"https:\/\/api.w.org\/{rel}","templated":true}]}}