{"id":148764,"date":"2022-10-24T08:30:30","date_gmt":"2022-10-24T06:30:30","guid":{"rendered":"https:\/\/up.lublin.pl\/agrobio\/?p=148764"},"modified":"2022-10-24T08:36:36","modified_gmt":"2022-10-24T06:36:36","slug":"nadanie-godnosci-profesora-honorowego-zachodniopomorskiego-uniwersytetu-technologicznego-w-szczecinie-pani-prof-dr-hab-elzbiecie-jolancie-bielinskiej","status":"publish","type":"post","link":"https:\/\/up.lublin.pl\/agrobio\/nadanie-godnosci-profesora-honorowego-zachodniopomorskiego-uniwersytetu-technologicznego-w-szczecinie-pani-prof-dr-hab-elzbiecie-jolancie-bielinskiej\/","title":{"rendered":"Nadanie godno\u015bci profesora honorowego Zachodniopomorskiego Uniwersytetu Technologicznego w Szczecinie Pani prof. dr hab. El\u017cbiecie Jolancie Bieli\u0144skiej"},"content":{"rendered":"<p><img loading=\"lazy\" class=\"alignnone wp-image-148785\" src=\"https:\/\/up.lublin.pl\/agrobio\/wp-content\/uploads\/sites\/2\/2022\/10\/Profesor-honorowy-1.jpg\" alt=\"\" width=\"319\" height=\"500\" \/><\/p>\n<p style=\"text-align: justify\"><strong>21 pa\u017adziernika 2022 r. w\u00a0auli Centrum Dydaktyczno-Badawczego Nanotechnologii Zachodniopomorskiego Uniwersytetu Technologicznego w\u00a0Szczecinie odby\u0142a si\u0119 Uroczysta Promocja Doktor\u00f3w i\u00a0Doktor\u00f3w Habilitowanych po\u0142\u0105czona z\u00a0nadaniem godno\u015bci honorowego profesora Zachodniopomorskiego Uniwersytetu Technologicznego w\u00a0Szczecinie Pani prof. dr hab. El\u017cbiecie Jolancie Bieli\u0144skiej, emerytowanemu pracownikowi Instytutu Gleboznawstwa, In\u017cynierii i Kszta\u0142towania \u015arodowiska Uniwersytetu Przyrodniczego w Lublinie. Wyr\u00f3\u017cnienie przyzna\u0142 Senat uniwersytetu i jest ono nadawane profesorom o wybitnym dorobku naukowym.<br \/>\n<\/strong><strong>Uroczysto\u015bci przewodniczy\u0142 JM Rektor dr hab. in\u017c. Jacek Wr\u00f3bel, prof. ZUT. Laudacj\u0119 przedstawi\u0142a dr hab. in\u017c. Anna G\u0142owacka, prof. ZUT, za\u015b tre\u015b\u0107 dyplomu Dziekan Wydzia\u0142u Kszta\u0142towania \u015arodowiska i Rolnictwa prof. dr hab. Arkadiusz Telesi\u0144ski.<\/strong><\/p>\n<p>&nbsp;<\/p>\n<p><em> <img loading=\"lazy\" class=\"alignnone wp-image-148781\" src=\"https:\/\/up.lublin.pl\/agrobio\/wp-content\/uploads\/sites\/2\/2022\/10\/Profesor-honorowy-2.jpg\" alt=\"\" width=\"720\" height=\"505\" \/><\/em><\/p>\n<p style=\"text-align: justify\"><em>Pani Profesor jest wybitnym specjalist\u0105 w dziedzinie nauk rolniczych. Senat naszego uniwersytetu nadaj\u0105c tytu\u0142 profesora honorowego prof. Bieli\u0144skiej wyra\u017ca uznanie, szacunek i podzi\u0119kowanie, przede wszystkim za jej prac\u0119, trud w\u0142o\u017cony w kreowanie post\u0119pu oraz otwarcie na wsp\u00f3\u0142prac\u0119 naukow\u0105 i dydaktyczn\u0105<\/em> \u2013 powiedzia\u0142 Rektor Zachodniopomorskiego Uniwersytetu Technologicznego, prof. Jacek Wr\u00f3bel<\/p>\n<p style=\"text-align: justify\"><em>\u00a0<\/em><\/p>\n<p><img loading=\"lazy\" class=\"alignnone wp-image-148777\" src=\"https:\/\/up.lublin.pl\/agrobio\/wp-content\/uploads\/sites\/2\/2022\/10\/Profesor-honorowy-3.jpg\" alt=\"\" width=\"720\" height=\"473\" \/><\/p>\n<p style=\"text-align: justify\">Pani prof. dr hab. El\u017cbieta Jolanta Bieli\u0144ska jest dziewi\u0105tym profesorem Uniwersytetu Przyrodniczego w Lublinie, kt\u00f3remu zosta\u0142a nadana godno\u015b\u0107 profesora honorowego przez inne Uczelnie. Pani prof. dr hab. El\u017cbieta Jolanta Bieli\u0144ska jest od wielu lat zwi\u0105zana z Zachodniopomorskim Uniwersytetem Technologicznym w Szczecinie. Pani Profesor mi\u0119dzy innymi koordynowa\u0142a oraz prowadzi\u0142a szereg wsp\u00f3lnych bada\u0144 naukowych oraz przyczyni\u0142a si\u0119 do rozwoju kadry Wydzia\u0142u Kszta\u0142towania \u015arodowiska i Rolnictwa ZUT w Szczecinie. By\u0142a recenzentem licznych rozpraw doktorskich realizowanych na WK\u015aiR, a tak\u017ce w post\u0119powaniach habilitacyjnych pracownik\u00f3w tego Wydzia\u0142u. Pod opiek\u0105 naukow\u0105 Pani Profesor Bieli\u0144skiej, w kierowanym przez Ni\u0105 Zak\u0142adzie Biologii Gleby, sta\u017ce naukowe odbyli liczni doktoranci i m\u0142odzi pracowni naukowi Zachodniopomorskiego Uniwersytetu Technologicznego w Szczecinie.<\/p>\n<p>&nbsp;<\/p>\n<p><img loading=\"lazy\" class=\"alignnone wp-image-148773\" src=\"https:\/\/up.lublin.pl\/agrobio\/wp-content\/uploads\/sites\/2\/2022\/10\/Profesor-honorowy-4.jpg\" alt=\"\" width=\"720\" height=\"517\" \/><\/p>\n<p style=\"text-align: justify\">Prof. dr hab. El\u017cbieta Jolanta Bieli\u0144ska jest absolwentk\u0105 Wydzia\u0142u Matematyki, Fizyki i Chemii Uniwersytetu Marii Curie-Sk\u0142odowskiej w Lublinie. Od 1972 roku pracuje na Uniwersytecie Przyrodniczym w Lublinie. W 1996 roku uzyska\u0142a stopie\u0144 naukowy doktora nauk rolniczych na podstawie obrony pracy doktorskiej na temat: <em>Dynamika r\u00f3\u017cnych form azotu w profilu gleby u\u017cytkowanej sadowniczo<\/em>, a w 2002 roku stopie\u0144 naukowy doktora habilitowanego nauk rolniczych w zakresie agronomii ~ biologia rolnicza i biochemia gleby na podstawie dorobku naukowego i rozprawy habilitacyjnej nt.: <em>Aktywno\u015b\u0107 enzymatyczna gleby w sadzie wi\u015bniowym w zale\u017cno\u015bci od metody jej piel\u0119gnacji<\/em>. Prezydent Rzeczypospolitej Polskiej postanowieniem z dnia 22 pa\u017adziernika 2007 roku nada\u0142 Jej tytu\u0142 naukowy profesora nauk rolniczych.<\/p>\n<p style=\"text-align: justify\">Opublikowa\u0142a \u0142\u0105cznie 278 prac, w tym 224 oryginalne rozprawy naukowe, z kt\u00f3rych ponad po\u0142owa zosta\u0142a wydana w czasopismach z Listy Filadelfijskiej i w recenzowanych czasopismach zagranicznych. Jest wsp\u00f3\u0142autork\u0105 \u00a0dw\u00f3ch podr\u0119cznik\u00f3w oraz przewodnika metodycznego wydanego w j\u0119zyku polskim i angielskim, a tak\u017ce wsp\u00f3\u0142redaktork\u0105 dw\u00f3ch wieloautorskich monografii oraz autork\u0105 lub wsp\u00f3\u0142autork\u0105 59 recenzowanych rozdzia\u0142\u00f3w w monografiach.<\/p>\n<p style=\"text-align: justify\">Prof. dr hab. E.J. Bieli\u0144ska prowadzi nowatorskie badania z zakresu zastosowania biologicznych i chemicznych wska\u017anik\u00f3w do oceny przeobra\u017ce\u0144 gleb w krajobrazach rolniczych, le\u015bnych i antropogenicznych, poprzez wykorzystanie kompleksowych, zintegrowanych metod analitycznych. Wi\u0119kszo\u015b\u0107 tych bada\u0144 wykonywana by\u0142a w ramach 18 grant\u00f3w KBN\/MNiI\/MEiN\/NCN\/NCBiR i projektu badawczego finansowanego przez Elektrociep\u0142ownie Warszawskie \u201eVattenfall\u201d S.A. Od 2007 r. pe\u0142ni\u0142a funkcj\u0119 kierownika utworzonego przez siebie od podstaw Zak\u0142adu Biologii Gleby, funkcjonuj\u0105cego w ramach Instytutu Gleboznawstwa, In\u017cynierii i Kszta\u0142towania \u015arodowiska Uniwersytetu Przyrodniczego w Lublinie. Zak\u0142ad Biologii Gleby, w kt\u00f3rym odbyli sta\u017ce naukowe liczni doktoranci i m\u0142odzi pracowni naukowi z Polski, stanowi unikalne w skali kraju kompletne laboratorium.<\/p>\n<p><img loading=\"lazy\" class=\"alignnone wp-image-148769\" src=\"https:\/\/up.lublin.pl\/agrobio\/wp-content\/uploads\/sites\/2\/2022\/10\/Profesor-honorowy-5.jpg\" alt=\"\" width=\"720\" height=\"480\" \/><\/p>\n<p style=\"text-align: justify\">Wyniki swoich bada\u0144 prezentowa\u0142a na wielu mi\u0119dzynarodowych konferencjach, m.in. w: USA, Australii, Niemczech, Czechach, Chorwacji, Austrii, S\u0142owacji, Ukrainie, Bia\u0142orusi, RPA, Rumunii, W\u0142oszech, Korei P\u0142d., Japonii i Chinach.<\/p>\n<p style=\"text-align: justify\">\u00a0\u00a0\u00a0\u00a0\u00a0\u00a0\u00a0\u00a0\u00a0\u00a0\u00a0 Prof. E.J. Bieli\u0144ska, w ramach programu TEMPUS, odby\u0142a zagraniczne sta\u017ce dydaktyczno-naukowe: w Politechnice di Milano we W\u0142oszech, w Uniwersytecie Rolniczym w Wageningen w Holandii, a tak\u017ce sta\u017ce naukowe w Instytucie Ochrony \u015arodowiska w Warszawie i w Instytucie Techniki Budowlanej w Warszawie. Wypromowa\u0142a 5 doktor\u00f3w nauk rolniczych w zakresie agronomii. Prowadzi\u0142a liczne zaj\u0119cia dydaktyczne (wyk\u0142ady, \u0107wiczenia, seminaria) na Wydzia\u0142ach: Agrobioin\u017cynierii, Ogrodnictwa i Architektury Krajobrazu, Biologii i Hodowli Zwierz\u0105t oraz In\u017cynierii Produkcji. W 2011 r. zosta\u0142a wyr\u00f3\u017cniona \u201eZ\u0141OTYM K\u0141OSEM\u201d przez Wydzia\u0142ow\u0105 Rad\u0119 Samorz\u0105du Studenckiego Agrobioin\u017cynierii UP w Lublinie w kategorii <em>Ulubieniec Student\u00f3w<\/em>, a w 2013 r. w kategorii <em>Oryginalno\u015b\u0107 w prowadzeniu zaj\u0119\u0107<\/em>.<\/p>\n<p style=\"text-align: justify\">By\u0142a cz\u0142onkiem Polskiego oraz Mi\u0119dzynarodowego: Towarzystwa Gleboznawczego,\u00a0 Towarzystwa Substancji Humusowych, International Soil Tillage Research Organization (ISTRO), Rady Programowej Polskiej Unii Ubocznych Produkt\u00f3w Spalania, Lubelskiego Towarzystwa Naukowego (od 2011 \u2013 cz\u0142onek rzeczywisty), Polskiego Towarzystwa In\u017cynierii Rolniczej oraz Polskiego Towarzystwa Le\u015bnego. Pe\u0142ni\u0142a funkcje z wyboru w nast\u0119puj\u0105cych towarzystwach naukowych: Polskie Towarzystwo Gleboznawcze \u2013 Przewodnicz\u0105ca Komisji Biologii Gleby (od 2016r.) oraz Polskie Towarzystwo Substancji Humusowych \u2013 cz\u0142onek zarz\u0105du PTSH (od 2016r.). By\u0142a cz\u0142onkiem: Komitetu Gleboznawstwa i Chemii Rolnej PAN (kadencje 2007-2010 i 2011-2014), Komitetu Redakcyjnego Rocznik\u00f3w Gleboznawczych (od 2010r.), Rady Naukowej Wydawnictwa UP w Poznaniu: Nauka Przyroda Technologie (2011-2014) oraz przewodnicz\u0105c\u0105 Komisji ds. Bada\u0144 naukowych i edukacji w Radzie Rolnictwa Ekologicznego (powo\u0142ana przez Ministra Rolnictwa i Rozwoju Wsi w 2006r.). W latach 1995-2010 by\u0142a cz\u0142onkiem Normalizacyjnej Komisji Problemowej nr 191 ds. Chemii gleby.<\/p>\n<p style=\"text-align: justify\">Za wyr\u00f3\u017cniaj\u0105ce osi\u0105gni\u0119cia naukowe i dydaktyczne by\u0142a 30-krotnie wyr\u00f3\u017cniona nagrod\u0105 J.M. Rektora Uniwersytetu Przyrodniczego w Lublinie (m.in. za prac\u0119 doktorsk\u0105 i habilitacyjn\u0105, za cykle publikacji naukowych oraz za podr\u0119cznik pt.: \u201e<em>Ochrona \u015brodowiska przyrodniczego, wybrane zagadnienia\u201d<\/em>). Za dotychczasow\u0105 prac\u0119 i osi\u0105gni\u0119cia naukowe zosta\u0142a odznaczona Z\u0142otym Krzy\u017cem Zas\u0142ugi (2004 rok), Honorow\u0105 Odznak\u0105 Akademii Rolniczej w Lublinie (2002 rok) oraz Specjaln\u0105 Odznak\u0105 Honorow\u0105 Uniwersytetu Przyrodniczego w Lublinie (2008 rok).<\/p>\n<p>&nbsp;<\/p>\n<p><img loading=\"lazy\" class=\"alignnone wp-image-148765\" src=\"https:\/\/up.lublin.pl\/agrobio\/wp-content\/uploads\/sites\/2\/2022\/10\/Profesor-honorowy-6.jpg\" alt=\"\" width=\"720\" height=\"485\" \/><\/p>\n","protected":false},"excerpt":{"rendered":"<p>21 pa\u017adziernika 2022 r. w\u00a0auli Centrum Dydaktyczno-Badawczego Nanotechnologii Zachodniopomorskiego Uniwersytetu Technologicznego w\u00a0Szczecinie odby\u0142a si\u0119 Uroczysta Promocja Doktor\u00f3w i\u00a0Doktor\u00f3w Habilitowanych po\u0142\u0105czona z\u00a0nadaniem godno\u015bci honorowego profesora Zachodniopomorskiego Uniwersytetu Technologicznego w\u00a0Szczecinie Pani prof. dr hab. El\u017cbiecie Jolancie Bieli\u0144skiej, emerytowanemu pracownikowi Instytutu Gleboznawstwa, In\u017cynierii i Kszta\u0142towania \u015arodowiska Uniwersytetu Przyrodniczego w Lublinie. Wyr\u00f3\u017cnienie przyzna\u0142 Senat uniwersytetu i jest ono nadawane [&hellip;]<\/p>\n","protected":false},"author":207,"featured_media":0,"comment_status":"closed","ping_status":"closed","sticky":false,"template":"","format":"standard","meta":{"_monsterinsights_skip_tracking":false,"_monsterinsights_sitenote_active":false,"_monsterinsights_sitenote_note":"","_monsterinsights_sitenote_category":0},"categories":[12],"tags":[],"_links":{"self":[{"href":"https:\/\/up.lublin.pl\/agrobio\/wp-json\/wp\/v2\/posts\/148764"}],"collection":[{"href":"https:\/\/up.lublin.pl\/agrobio\/wp-json\/wp\/v2\/posts"}],"about":[{"href":"https:\/\/up.lublin.pl\/agrobio\/wp-json\/wp\/v2\/types\/post"}],"author":[{"embeddable":true,"href":"https:\/\/up.lublin.pl\/agrobio\/wp-json\/wp\/v2\/users\/207"}],"replies":[{"embeddable":true,"href":"https:\/\/up.lublin.pl\/agrobio\/wp-json\/wp\/v2\/comments?post=148764"}],"version-history":[{"count":12,"href":"https:\/\/up.lublin.pl\/agrobio\/wp-json\/wp\/v2\/posts\/148764\/revisions"}],"predecessor-version":[{"id":148798,"href":"https:\/\/up.lublin.pl\/agrobio\/wp-json\/wp\/v2\/posts\/148764\/revisions\/148798"}],"wp:attachment":[{"href":"https:\/\/up.lublin.pl\/agrobio\/wp-json\/wp\/v2\/media?parent=148764"}],"wp:term":[{"taxonomy":"category","embeddable":true,"href":"https:\/\/up.lublin.pl\/agrobio\/wp-json\/wp\/v2\/categories?post=148764"},{"taxonomy":"post_tag","embeddable":true,"href":"https:\/\/up.lublin.pl\/agrobio\/wp-json\/wp\/v2\/tags?post=148764"}],"curies":[{"name":"wp","href":"https:\/\/api.w.org\/{rel}","templated":true}]}}