{"id":148428,"date":"2022-10-18T13:08:53","date_gmt":"2022-10-18T11:08:53","guid":{"rendered":"https:\/\/up.lublin.pl\/agrobio\/?p=148428"},"modified":"2022-10-18T13:09:00","modified_gmt":"2022-10-18T11:09:00","slug":"zmarl-prof-dr-hab-jozef-jargiello","status":"publish","type":"post","link":"https:\/\/up.lublin.pl\/agrobio\/zmarl-prof-dr-hab-jozef-jargiello\/","title":{"rendered":"Zmar\u0142 prof. dr hab. J\u00f3zef Jargie\u0142\u0142o"},"content":{"rendered":"\t\t<div data-elementor-type=\"wp-post\" data-elementor-id=\"148428\" class=\"elementor elementor-148428\" data-elementor-settings=\"[]\">\n\t\t\t\t\t\t<div class=\"elementor-inner\">\n\t\t\t\t\t\t\t<div class=\"elementor-section-wrap\">\n\t\t\t\t\t\t\t<section class=\"elementor-section elementor-top-section elementor-element elementor-element-13442a1 elementor-section-boxed elementor-section-height-default elementor-section-height-default\" data-id=\"13442a1\" data-element_type=\"section\">\n\t\t\t\t\t\t<div class=\"elementor-container elementor-column-gap-default\">\n\t\t\t\t\t\t\t<div class=\"elementor-row\">\n\t\t\t\t\t<div class=\"elementor-column elementor-col-100 elementor-top-column elementor-element elementor-element-345c470\" data-id=\"345c470\" data-element_type=\"column\">\n\t\t\t<div class=\"elementor-column-wrap elementor-element-populated\">\n\t\t\t\t\t\t\t<div class=\"elementor-widget-wrap\">\n\t\t\t\t\t\t<div class=\"elementor-element elementor-element-d254033 elementor-widget elementor-widget-m5c\" data-id=\"d254033\" data-element_type=\"widget\" data-widget_type=\"m5c.default\">\n\t\t\t\t<div class=\"elementor-widget-container\">\n\t\t\t<section class=\"mn-m5-c mn-m5-d2 mn-bg-white\">\n\t<div class=\"mn-grid\">\n\t\t\t\t<div class=\"mn-content mn-grid-9\">\n\t\t\t                <div class=\"mn-content-block active\">\n\t                                                        <div class=\"block-text\">\n\t                                        <p><a href=\"https:\/\/up.lublin.pl\/wp-content\/uploads\/2021\/05\/in_memoriam_tresc.jpg\"><img loading=\"lazy\" class=\"aligncenter wp-image-157842\" src=\"https:\/\/up.lublin.pl\/wp-content\/uploads\/2021\/05\/in_memoriam_tresc.jpg\" alt=\"\" width=\"123\" height=\"123\" \/><\/a><\/p>\n<p style=\"text-align: center;\">Z g\u0142\u0119bokim \u017calem zawiadamiany, \u017ce 16 pa\u017adziernika 2022 r.<br \/>zmar\u0142 w&nbsp;wieku 95 lat<\/p>\n<p style=\"text-align: center;\"><strong>\u015a.\u2020P.<\/strong><\/p>\n<h3 style=\"text-align: center;\"><strong>Prof. dr hab. J\u00f3zef Jargie\u0142\u0142o<\/strong><\/h3>\n<p style=\"text-align: center;\">D\u0142ugoletni pracownik Katedry \u0141\u0105karstwa i&nbsp;Kszta\u0142towania Krajobrazu, wybitny specjalista z&nbsp;zakresu \u0142\u0105karstwa.<br \/>Nauczyciel akademicki Akademii Rolniczej (obecnie Uniwersytet Przyrodniczy) w&nbsp;Lublinie, <br \/>Kierownik Katedry \u0141\u0105karstwa w&nbsp;latach 1973-1992<br \/>Dyrektor Instytutu Uprawy Roli i&nbsp;Ro\u015blin,<br \/>Prodziekan Wydzia\u0142u Rolniczego,<br \/>Cz\u0142onek Rady Wydzia\u0142u Rolniczego (obecnie Agrobioin\u017cynierii).<\/p>\n<p style=\"text-align: center;\">Za sw\u0105 dzia\u0142alno\u015b\u0107 Profesor zosta\u0142 uhonorowany Z\u0142otym Krzy\u017cem Zas\u0142ugi, <br \/>Krzy\u017cem Kawalerskim Orderu Odrodzenia Polski, Medalem Komisji Edukacji Narodowej,<br \/>Zas\u0142u\u017cony Nauczyciel PRL oraz wieloma wyr\u00f3\u017cnieniami naukowymi i&nbsp;honorowymi.<\/p>\n<p style=\"text-align: center;\">W osobie Pana Profesora Uniwersytet Przyrodniczy w&nbsp;Lublinie straci\u0142 tw\u00f3rczego naukowca i&nbsp;uznanego specjalist\u0119 z&nbsp;zakresu \u0142\u0105karstwa, fitosocjologii i&nbsp;biologii ro\u015blin u\u017cytk\u00f3w zielonych, promotora wielu prac doktorskich i&nbsp;magisterskich, cenionego nauczyciela i&nbsp;wychowawc\u0119 wielu pokole\u0144 student\u00f3w.<\/p>\n<p style=\"text-align: center;\"><em><strong>Cze\u015b\u0107 Jego Pami\u0119ci!<\/strong><\/em><\/p>\n<p style=\"text-align: center;\"><em><br \/>Rodzinie Zmar\u0142ego wyrazy g\u0142\u0119bokiego \u017calu i&nbsp;wsp\u00f3\u0142czucia sk\u0142adaj\u0105 <\/em><br \/><em>Rektor i&nbsp;Senat Uniwersytetu Przyrodniczego w&nbsp;Lublinie,<\/em><br \/><em>Dziekan, Kolegium Wydzia\u0142u Agrobioin\u017cynierii,<\/em><br \/><em>Wsp\u00f3\u0142pracownicy Katedry \u0141\u0105karstwa i&nbsp;Kszta\u0142towania Krajobrazu<br \/>oraz pozostali pracownicy i&nbsp;studenci<\/em><br \/><em>Uniwersytetu Przyrodniczego w&nbsp;Lublinie<\/em><\/p>\n<p style=\"text-align: center;\"><strong><em>Ceremonia pogrzebowa odb\u0119dzie si\u0119 w&nbsp;Kaplicy Cmentarnej <br \/><\/em><\/strong><strong><em>przy ulicy Lipowej w&nbsp;Lublinie, <\/em><\/strong><strong><em><br \/><\/em><\/strong><strong><em>24 pa\u017adziernika 2022 r. o&nbsp;godzinie 12.00.<\/em><\/strong><\/p>\n                                        <\/div>\n\t\t\t\t\t\t                                <\/div>\n\t\t\t\t                <div class=\"mn-content-block\">\n\t                                <\/div>\n\t\t\t\t                <div class=\"mn-content-block\">\n\t                                <\/div>\n\t\t\t\t                <div class=\"mn-content-block\">\n\t                                <\/div>\n\t\t\t\t                <div class=\"mn-content-block\">\n\t                                <\/div>\n\t\t\t\t                <div class=\"mn-content-block\">\n\t                                <\/div>\n\t\t\t\t                <div class=\"mn-content-block\">\n\t                                <\/div>\n\t\t\t\t                <div class=\"mn-content-block\">\n\t                                <\/div>\n\t\t\t\t                <div class=\"mn-content-block\">\n\t                                <\/div>\n\t\t\t\t                <div class=\"mn-content-block\">\n\t                                <\/div>\n\t\t\t\t                <div class=\"mn-content-block\">\n\t                                <\/div>\n\t\t\t\t                <div class=\"mn-content-block\">\n\t                                <\/div>\n\t\t\t\t                <div class=\"mn-content-block\">\n\t                                <\/div>\n\t\t\t\t                <div class=\"mn-content-block\">\n\t                                <\/div>\n\t\t\t\t                <div class=\"mn-content-block\">\n\t                                <\/div>\n\t\t\t\t                <div class=\"mn-content-block\">\n\t                                <\/div>\n\t\t\t\t                <div class=\"mn-content-block\">\n\t                                <\/div>\n\t\t\t\t                <div class=\"mn-content-block\">\n\t                                <\/div>\n\t\t\t\t                <div class=\"mn-content-block\">\n\t                                <\/div>\n\t\t\t\t                <div class=\"mn-content-block\">\n\t                                <\/div>\n\t\t\t\t\t\t<\/div>\n\t<\/div>\n<\/section>\n\t\t<\/div>\n\t\t\t\t<\/div>\n\t\t\t\t\t\t<\/div>\n\t\t\t\t\t<\/div>\n\t\t<\/div>\n\t\t\t\t\t\t\t\t<\/div>\n\t\t\t\t\t<\/div>\n\t\t<\/section>\n\t\t\t\t\t\t<\/div>\n\t\t\t\t\t\t<\/div>\n\t\t\t\t\t<\/div>\n\t\t","protected":false},"excerpt":{"rendered":"<p>Z g\u0142\u0119bokim \u017calem zawiadamiany, \u017ce 16 pa\u017adziernika 2022 r.zmar\u0142 w&nbsp;wieku 95 lat \u015a.\u2020P. Prof. dr hab. J\u00f3zef Jargie\u0142\u0142o D\u0142ugoletni pracownik Katedry \u0141\u0105karstwa i&nbsp;Kszta\u0142towania Krajobrazu, wybitny specjalista z&nbsp;zakresu \u0142\u0105karstwa.Nauczyciel akademicki Akademii Rolniczej (obecnie Uniwersytet Przyrodniczy) w&nbsp;Lublinie, Kierownik Katedry \u0141\u0105karstwa w&nbsp;latach 1973-1992Dyrektor Instytutu Uprawy Roli i&nbsp;Ro\u015blin,Prodziekan Wydzia\u0142u Rolniczego,Cz\u0142onek Rady Wydzia\u0142u Rolniczego (obecnie Agrobioin\u017cynierii). Za sw\u0105 dzia\u0142alno\u015b\u0107 Profesor [&hellip;]<\/p>\n","protected":false},"author":2,"featured_media":148429,"comment_status":"closed","ping_status":"closed","sticky":false,"template":"elementor_header_footer","format":"standard","meta":{"_monsterinsights_skip_tracking":false,"_monsterinsights_sitenote_active":false,"_monsterinsights_sitenote_note":"","_monsterinsights_sitenote_category":0},"categories":[12],"tags":[],"_links":{"self":[{"href":"https:\/\/up.lublin.pl\/agrobio\/wp-json\/wp\/v2\/posts\/148428"}],"collection":[{"href":"https:\/\/up.lublin.pl\/agrobio\/wp-json\/wp\/v2\/posts"}],"about":[{"href":"https:\/\/up.lublin.pl\/agrobio\/wp-json\/wp\/v2\/types\/post"}],"author":[{"embeddable":true,"href":"https:\/\/up.lublin.pl\/agrobio\/wp-json\/wp\/v2\/users\/2"}],"replies":[{"embeddable":true,"href":"https:\/\/up.lublin.pl\/agrobio\/wp-json\/wp\/v2\/comments?post=148428"}],"version-history":[{"count":4,"href":"https:\/\/up.lublin.pl\/agrobio\/wp-json\/wp\/v2\/posts\/148428\/revisions"}],"predecessor-version":[{"id":148436,"href":"https:\/\/up.lublin.pl\/agrobio\/wp-json\/wp\/v2\/posts\/148428\/revisions\/148436"}],"wp:featuredmedia":[{"embeddable":true,"href":"https:\/\/up.lublin.pl\/agrobio\/wp-json\/wp\/v2\/media\/148429"}],"wp:attachment":[{"href":"https:\/\/up.lublin.pl\/agrobio\/wp-json\/wp\/v2\/media?parent=148428"}],"wp:term":[{"taxonomy":"category","embeddable":true,"href":"https:\/\/up.lublin.pl\/agrobio\/wp-json\/wp\/v2\/categories?post=148428"},{"taxonomy":"post_tag","embeddable":true,"href":"https:\/\/up.lublin.pl\/agrobio\/wp-json\/wp\/v2\/tags?post=148428"}],"curies":[{"name":"wp","href":"https:\/\/api.w.org\/{rel}","templated":true}]}}