{"id":146937,"date":"2022-09-15T14:56:20","date_gmt":"2022-09-15T12:56:20","guid":{"rendered":"https:\/\/up.lublin.pl\/agrobio\/?p=146937"},"modified":"2022-09-16T07:58:05","modified_gmt":"2022-09-16T05:58:05","slug":"wybitny-inzynier-jadrowy-sergio-orlandi-profesorem-honorowym-up-w-lublinie","status":"publish","type":"post","link":"https:\/\/up.lublin.pl\/agrobio\/wybitny-inzynier-jadrowy-sergio-orlandi-profesorem-honorowym-up-w-lublinie\/","title":{"rendered":"Wybitny in\u017cynier j\u0105drowy Sergio Orlandi Profesorem Honorowym UP w Lublinie"},"content":{"rendered":"\t\t<div data-elementor-type=\"wp-post\" data-elementor-id=\"146937\" class=\"elementor elementor-146937\" data-elementor-settings=\"[]\">\n\t\t\t\t\t\t<div class=\"elementor-inner\">\n\t\t\t\t\t\t\t<div class=\"elementor-section-wrap\">\n\t\t\t\t\t\t\t<section class=\"elementor-section elementor-top-section elementor-element elementor-element-cb21338 elementor-section-boxed elementor-section-height-default elementor-section-height-default\" data-id=\"cb21338\" data-element_type=\"section\">\n\t\t\t\t\t\t<div class=\"elementor-container elementor-column-gap-default\">\n\t\t\t\t\t\t\t<div class=\"elementor-row\">\n\t\t\t\t\t<div class=\"elementor-column elementor-col-100 elementor-top-column elementor-element elementor-element-c8bd0a9\" data-id=\"c8bd0a9\" data-element_type=\"column\">\n\t\t\t<div class=\"elementor-column-wrap elementor-element-populated\">\n\t\t\t\t\t\t\t<div class=\"elementor-widget-wrap\">\n\t\t\t\t\t\t<div class=\"elementor-element elementor-element-413e474 elementor-widget elementor-widget-m5c\" data-id=\"413e474\" data-element_type=\"widget\" data-widget_type=\"m5c.default\">\n\t\t\t\t<div class=\"elementor-widget-container\">\n\t\t\t<section class=\"mn-m5-c mn-m5-d2 mn-bg-white\">\n\t<div class=\"mn-grid\">\n\t\t\t\t<div class=\"mn-content mn-grid-9\">\n\t\t\t                <div class=\"mn-content-block active\">\n\t                                                        <div class=\"block-text\">\n\t                                        <p><strong>Wybitny in\u017cynier j\u0105drowy, dziekan Wydzia\u0142u Nauk Technicznych i&nbsp;\u015arodowiskowych w&nbsp;Europejskiej Akademii Nauki i&nbsp;Sztuki profesor Sergio Orlandi, 15 wrze\u015bnia 2022 r. otrzyma\u0142 godno\u015b\u0107 Profesora Honorowego Uniwersytetu Przyrodniczego w&nbsp;Lublinie.<\/strong><\/p>\n<p><a href=\"https:\/\/up.lublin.pl\/wp-content\/uploads\/2022\/09\/DSC_3610.jpg\"><img loading=\"lazy\" class=\"alignnone wp-image-288074 size-full\" src=\"https:\/\/up.lublin.pl\/wp-content\/uploads\/2022\/09\/DSC_3610.jpg\" alt=\"\" width=\"1500\" height=\"1000\" \/><\/a>Uroczysto\u015bci, kt\u00f3ra mia\u0142a miejsce w&nbsp;Centrum Kongresowym UP w&nbsp;Lublinie przewodniczy\u0142 JM Rektor, prof. dr hab. <strong>Krzysztof Kowalczyk<\/strong>. Laudacj\u0119 wyg\u0142osi\u0142a prof. dr hab. <strong>Halina Smal<\/strong>. Tytu\u0142 Honorowego Profesora zosta\u0142 przyznany na podstawie rekomendacji Kolegium Wydzia\u0142u Agrobioin\u017cynierii, popartej opini\u0105 prof. dr hab. <strong>Barbary Ko\u0142odziej<\/strong> i&nbsp;Senatu. Listy gratulacyjne przedstawi\u0142 Prorektor ds. Nauki i&nbsp;Wsp\u00f3\u0142pracy z&nbsp;Zagranic\u0105, dr hab. <strong>Bartosz So\u0142owiej<\/strong>, prof. Uczelni.<\/p>\n<p><a href=\"https:\/\/up.lublin.pl\/wp-content\/uploads\/2022\/09\/DSC_3581.jpg\"><img loading=\"lazy\" class=\"alignnone wp-image-288062 size-full\" src=\"https:\/\/up.lublin.pl\/wp-content\/uploads\/2022\/09\/DSC_3581.jpg\" alt=\"\" width=\"1500\" height=\"1000\" \/><\/a><br \/>G\u0142\u00f3wny obszar zainteresowa\u0144 naukowych prof. <strong>Sergio Orlandi<\/strong> koncentruje si\u0119 wok\u00f3\u0142 budowy i&nbsp;funkcjonowania elektrowni j\u0105drowych, w&nbsp;tym zarz\u0105dzaniem cyklu paliwowego, wytwarzaniem i&nbsp;dystrybucj\u0105 energii elektrycznej, systemami wykorzystania wody ch\u0142odz\u0105cej oraz budow\u0105 urz\u0105dze\u0144 do zdalnej obs\u0142ugi i&nbsp;zarz\u0105dzaniem oraz\u00a0 likwidacj\u0105 odpad\u00f3w. Obecnie zajmuje si\u0119 r\u00f3wnie\u017c problemami badawczymi z&nbsp;zakresu pozyskiwania energii ze \u017ar\u00f3de\u0142 odnawialnych i&nbsp;sekwestracji ditlentku w\u0119gla z&nbsp;uwzgl\u0119dnieniem zapobiegania zmianom klimatu.<\/p>\n<p><a href=\"https:\/\/up.lublin.pl\/wp-content\/uploads\/2022\/09\/DSC_3594.jpg\"><img loading=\"lazy\" class=\"alignnone wp-image-288066 size-full\" src=\"https:\/\/up.lublin.pl\/wp-content\/uploads\/2022\/09\/DSC_3594.jpg\" alt=\"\" width=\"1500\" height=\"1000\" \/><\/a> Profesor Honorowy przedstawi\u0142 wyk\u0142ad \u201eLot do technologii rozszczepienia j\u0105drowego i&nbsp;syntezy j\u0105drowej w&nbsp;perspektywie kr\u00f3tko-i \u015brednioterminowej\u201d, w&nbsp;kt\u00f3rym w&nbsp;ciekawy spos\u00f3b przybli\u017cy\u0142 swoj\u0105 prac\u0119 oraz wyzwania przed jakimi stoi jako G\u0142\u00f3wny In\u017cynier w&nbsp;mi\u0119dzynarodowym projekcie ITER (International Thermonuclear Experimental Reactor). Ten mi\u0119dzynarodowy program badawczy, jednocz\u0105cy 35 pa\u0144stw, ma na celu zbadanie mo\u017cliwo\u015bci produkowania na wielk\u0105 skal\u0119 energii z&nbsp;kontrolowanej fuzji j\u0105drowej. G\u0142\u00f3wnym zadaniem jest budowa wielkiego tokomaka zdolnego kontrolowa\u0107 reakcj\u0119 termoj\u0105drow\u0105. Tokomak powstaje w&nbsp;centrum badawczym Cadarache w&nbsp;pobli\u017cu Marsylii, Pierwszy zap\u0142on przewidywany jest na rok 2025 i&nbsp;ka\u017cdorazowo ma podtrzymywa\u0107 reakcj\u0119 fuzyjn\u0105 przez oko\u0142o 1000 sekund, osi\u0105gaj\u0105c moc 500\u20131100 MW.<\/p>\n<p><a href=\"https:\/\/up.lublin.pl\/wp-content\/uploads\/2022\/09\/DSC_3661.jpg\"><img loading=\"lazy\" class=\"alignnone wp-image-288078 size-full\" src=\"https:\/\/up.lublin.pl\/wp-content\/uploads\/2022\/09\/DSC_3661.jpg\" alt=\"\" width=\"1500\" height=\"1000\" \/><\/a><br \/><a href=\"https:\/\/up.lublin.pl\/wp-content\/uploads\/2022\/09\/DSC_3628.jpg\"><img loading=\"lazy\" class=\"alignnone wp-image-288082 size-full\" src=\"https:\/\/up.lublin.pl\/wp-content\/uploads\/2022\/09\/DSC_3628.jpg\" alt=\"\" width=\"1500\" height=\"1000\" \/><\/a><br \/>Profesor Sergio Orlandi dokona\u0142 pami\u0105tkowego wpisu w&nbsp;Ksi\u0119dze Profesor\u00f3w Honorowych Uniwersytetu Przyrodniczego w&nbsp;Lublinie.\u00a0<\/p>\n<h5 style=\"text-align: right;\"><a href=\"https:\/\/up.lublin.pl\/wp-content\/uploads\/2022\/09\/DSC_3439.jpg\"><img loading=\"lazy\" class=\"alignnone wp-image-288050 size-full\" src=\"https:\/\/up.lublin.pl\/wp-content\/uploads\/2022\/09\/DSC_3439.jpg\" alt=\"\" width=\"1500\" height=\"1000\" \/><\/a><br \/>\u00a0 \u00a0 \u00a0 \u00a0 \u00a0 \u00a0 \u00a0 \u00a0 \u00a0 \u00a0 \u00a0 \u00a0 \u00a0 \u00a0 \u00a0 \u00a0 \u00a0 \u00a0 \u00a0 \u00a0 \u00a0 \u00a0 \u00a0 \u00a0 \u00a0 \u00a0 \u00a0 \u00a0 \u00a0 \u00a0 \u00a0 \u00a0 \u00a0 \u00a0 \u00a0 \u00a0 \u00a0 \u00a0 \u00a0 \u00a0 \u00a0 \u00a0 \u00a0 \u00a0 \u00a0 \u00a0 \u00a0 \u00a0 \u00a0 Zdj\u0119cia: Alicja Jaroszewska \/ DRiP<\/h5>\n                                        <\/div>\n\t\t\t\t\t\t                                                        <div class=\"mn-cards-list\">\n                                            <div class=\"mn-card-container\">\n                                                <div>\n                                                    <img src=\"https:\/\/up.lublin.pl\/agrobio\/wp-content\/themes\/up-lublin\/assets\/images\/doc-ico.svg\" alt=\"\" \/>\n                                                    <h5>Laudacja prof. dr hab. Halina Smal<\/h5>\n                                                <\/div>\n                                                <a href=\"https:\/\/up.lublin.pl\/wp-content\/uploads\/2022\/09\/Laudacja.pdf\" class=\"mn-more\" target=\"_blank\">Zobacz<\/a>\n                                            <\/div>\n                                        <\/div>\n\t\t\t\t\t\t                                <\/div>\n\t\t\t\t                <div class=\"mn-content-block\">\n\t                                <\/div>\n\t\t\t\t                <div class=\"mn-content-block\">\n\t                                <\/div>\n\t\t\t\t                <div class=\"mn-content-block\">\n\t                                <\/div>\n\t\t\t\t                <div class=\"mn-content-block\">\n\t                                <\/div>\n\t\t\t\t                <div class=\"mn-content-block\">\n\t                                <\/div>\n\t\t\t\t                <div class=\"mn-content-block\">\n\t                                <\/div>\n\t\t\t\t                <div class=\"mn-content-block\">\n\t                                <\/div>\n\t\t\t\t                <div class=\"mn-content-block\">\n\t                                <\/div>\n\t\t\t\t                <div class=\"mn-content-block\">\n\t                                <\/div>\n\t\t\t\t                <div class=\"mn-content-block\">\n\t                                <\/div>\n\t\t\t\t                <div class=\"mn-content-block\">\n\t                                <\/div>\n\t\t\t\t                <div class=\"mn-content-block\">\n\t                                <\/div>\n\t\t\t\t                <div class=\"mn-content-block\">\n\t                                <\/div>\n\t\t\t\t                <div class=\"mn-content-block\">\n\t                                <\/div>\n\t\t\t\t                <div class=\"mn-content-block\">\n\t                                <\/div>\n\t\t\t\t                <div class=\"mn-content-block\">\n\t                                <\/div>\n\t\t\t\t                <div class=\"mn-content-block\">\n\t                                <\/div>\n\t\t\t\t                <div class=\"mn-content-block\">\n\t                                <\/div>\n\t\t\t\t                <div class=\"mn-content-block\">\n\t                                <\/div>\n\t\t\t\t\t\t<\/div>\n\t<\/div>\n<\/section>\n\t\t<\/div>\n\t\t\t\t<\/div>\n\t\t\t\t\t\t<\/div>\n\t\t\t\t\t<\/div>\n\t\t<\/div>\n\t\t\t\t\t\t\t\t<\/div>\n\t\t\t\t\t<\/div>\n\t\t<\/section>\n\t\t\t\t\t\t<\/div>\n\t\t\t\t\t\t<\/div>\n\t\t\t\t\t<\/div>\n\t\t","protected":false},"excerpt":{"rendered":"<p>Wybitny in\u017cynier j\u0105drowy, dziekan Wydzia\u0142u Nauk Technicznych i\u00a0\u015arodowiskowych w\u00a0Europejskiej Akademii Nauki i\u00a0Sztuki profesor Sergio Orlandi, 15 wrze\u015bnia 2022 r. otrzyma\u0142 godno\u015b\u0107 Profesora Honorowego Uniwersytetu Przyrodniczego w\u00a0Lublinie. Uroczysto\u015bci, kt\u00f3ra mia\u0142a miejsce w\u00a0Centrum Kongresowym UP w\u00a0Lublinie przewodniczy\u0142 JM Rektor, prof. dr hab. Krzysztof Kowalczyk. Laudacj\u0119 wyg\u0142osi\u0142a prof. dr hab. Halina Smal. Tytu\u0142 Honorowego Profesora zosta\u0142 przyznany na [&hellip;]<\/p>\n","protected":false},"author":2,"featured_media":146942,"comment_status":"closed","ping_status":"closed","sticky":false,"template":"elementor_header_footer","format":"standard","meta":{"_monsterinsights_skip_tracking":false,"_monsterinsights_sitenote_active":false,"_monsterinsights_sitenote_note":"","_monsterinsights_sitenote_category":0},"categories":[12],"tags":[],"_links":{"self":[{"href":"https:\/\/up.lublin.pl\/agrobio\/wp-json\/wp\/v2\/posts\/146937"}],"collection":[{"href":"https:\/\/up.lublin.pl\/agrobio\/wp-json\/wp\/v2\/posts"}],"about":[{"href":"https:\/\/up.lublin.pl\/agrobio\/wp-json\/wp\/v2\/types\/post"}],"author":[{"embeddable":true,"href":"https:\/\/up.lublin.pl\/agrobio\/wp-json\/wp\/v2\/users\/2"}],"replies":[{"embeddable":true,"href":"https:\/\/up.lublin.pl\/agrobio\/wp-json\/wp\/v2\/comments?post=146937"}],"version-history":[{"count":8,"href":"https:\/\/up.lublin.pl\/agrobio\/wp-json\/wp\/v2\/posts\/146937\/revisions"}],"predecessor-version":[{"id":146949,"href":"https:\/\/up.lublin.pl\/agrobio\/wp-json\/wp\/v2\/posts\/146937\/revisions\/146949"}],"wp:featuredmedia":[{"embeddable":true,"href":"https:\/\/up.lublin.pl\/agrobio\/wp-json\/wp\/v2\/media\/146942"}],"wp:attachment":[{"href":"https:\/\/up.lublin.pl\/agrobio\/wp-json\/wp\/v2\/media?parent=146937"}],"wp:term":[{"taxonomy":"category","embeddable":true,"href":"https:\/\/up.lublin.pl\/agrobio\/wp-json\/wp\/v2\/categories?post=146937"},{"taxonomy":"post_tag","embeddable":true,"href":"https:\/\/up.lublin.pl\/agrobio\/wp-json\/wp\/v2\/tags?post=146937"}],"curies":[{"name":"wp","href":"https:\/\/api.w.org\/{rel}","templated":true}]}}