{"id":146261,"date":"2022-07-05T08:13:16","date_gmt":"2022-07-05T06:13:16","guid":{"rendered":"https:\/\/up.lublin.pl\/agrobio\/?p=146261"},"modified":"2022-07-05T08:21:32","modified_gmt":"2022-07-05T06:21:32","slug":"zmarl-prof-dr-hab-heronim-olenderek","status":"publish","type":"post","link":"https:\/\/up.lublin.pl\/agrobio\/zmarl-prof-dr-hab-heronim-olenderek\/","title":{"rendered":"Zmar\u0142 Prof. dr hab. Heronim Olenderek"},"content":{"rendered":"<p><img loading=\"lazy\" class=\"size-full wp-image-146262 aligncenter\" src=\"https:\/\/up.lublin.pl\/agrobio\/wp-content\/uploads\/sites\/2\/2022\/07\/H.-Olenderek.jpg\" alt=\"\" width=\"197\" height=\"200\" \/><\/p>\n<p>&nbsp;<\/p>\n<p>&nbsp;<\/p>\n<p style=\"text-align: center\">Z g\u0142\u0119bokim \u017calem zawiadamiamy,<\/p>\n<p style=\"text-align: center\">\u017ce 30 czerwca 2022 r. zmar\u0142 w wieku 81 lat<\/p>\n<p style=\"text-align: center\"><strong>\u015aP.<\/strong><\/p>\n<p style=\"text-align: center\"><strong>Prof. dr hab. Heronim Olenderek<\/strong><\/p>\n<p style=\"text-align: center\">Specjalista w zakresie geodezji le\u015bnej,<\/p>\n<p style=\"text-align: center\">wieloletni, pracownik SGGW w Warszawie,<\/p>\n<p style=\"text-align: center\">pracownik UP w Lublinie w latach 2013-2021,<\/p>\n<p style=\"text-align: center\">\u00a0wybitny naukowiec, doskona\u0142y dydaktyk, wyj\u0105tkowy nauczyciel akademicki.<\/p>\n<p>&nbsp;<\/p>\n<p style=\"text-align: center\">Rektor i Senat UP w Lublinie<\/p>\n<p style=\"text-align: center\">Dziekan i Kolegium Wydzia\u0142u Agrobioin\u017cynierii<\/p>\n<p style=\"text-align: center\">oraz pracownicy Uczelni<\/p>\n<p>&nbsp;<\/p>\n<p style=\"text-align: center\"><strong>Biogram <\/strong><\/p>\n<p style=\"text-align: center\"><strong>\u015ap. prof. dr. hab.\u00a0 Heronima Olenderka<\/strong><\/p>\n<p>&nbsp;<\/p>\n<p>Profesor zwyczajny nauk le\u015bnych, specjalista w zakresie geodezji le\u015bnej, d\u0142ugoletni kierownik Zak\u0142adu Geodezji i Fotogrametrii Le\u015bnej (obecnie Samodzielny Zak\u0142ad Geomatyki i Gospodarki Przestrzennej), dziekan WL SGGW w latach 1993-1999 i 2002-2008<\/p>\n<p>&nbsp;<\/p>\n<p>Absolwent Wydzia\u0142u Geodezji i Kartografii Politechniki Warszawskiej, kt\u00f3ry uko\u0144czy\u0142 w 1963 r. i, bezpo\u015brednio po otrzymaniu dyplomu, rozpocz\u0105\u0142 prac\u0119 na Wydziale Le\u015bnym SGGW. Przeszed\u0142 tam wszystkie szczeble kariery akademickiej obejmuj\u0105c kolejno stanowiska asystenta, starszego asystenta, adiunkta, docenta, profesora nadzwyczajnego (od 1992 r.) i profesora zwyczajnego (od 1997 r.). R\u00f3wnolegle rozwija\u0142a si\u0119 jego kariera naukowa. W 1971 r. otrzyma\u0142 stopie\u0144 doktora nauk le\u015bnych, za\u015b w 1984 r. \u2013 stopie\u0144 doktora habilitowanego. Tytu\u0142 profesora nauk le\u015bnych nadano mu w 1992 r. Zar\u00f3wno przew\u00f3d doktorski i habilitacyjny, jak i post\u0119powanie w sprawie nadania tytu\u0142u profesorskiego przeprowadzone by\u0142y na Wydziale Le\u015bnym SGGW.<\/p>\n<p>Od 1981 do 2002 r. kierowa\u0142 Zak\u0142adem Geodezji i Fotogrametrii Le\u015bnej, kt\u00f3ry wielokrotnie zmienia\u0142 swoja nazw\u0119 a od 1 stycznia 2017 jest Samodzielnym Zak\u0142adem Geomatyki i Gospodarki Przestrzennej. Zorganizowa\u0142 i rozwin\u0105\u0142 jedyny w kraju Zak\u0142ad zajmuj\u0105cy si\u0119 systemami informacji przestrzennej w le\u015bnictwie i ochronie przyrody. Tworzy\u0142 r\u00f3wnie\u017c, organizowa\u0142 i kierowa\u0142 Zamiejscowym O\u015brodkiem Dydaktycznym Mi\u0119dzywydzia\u0142owego Studium Gospodarki Przestrzennej w Przasnyszu. W uznaniu jego zas\u0142ug na tym polu Zarz\u0105d i Rada Powiatu Przasnyskiego przyzna\u0142y mu statuetk\u0119 Przasnyskiego Koryfeusza. W trakcie swojej pracy na SGGW odbywa\u0142 liczne sta\u017ce zagraniczne, m.in. sta\u017ce na politechnikach w Wiedniu i w Darmstadt, na uniwersytetach w Helsinkach i w Getyndze oraz w USDA Forest Service w Stanach\u00a0 Zjednoczonych. Na emerytur\u0119 przeszed\u0142 w 2012 r. Od lutego 2012 r. prowadzi\u0142 zaj\u0119cia na kierunku geodezja i kartografia, gospodarka przestrzenna i in\u017cynieria \u015brodowiska, na Uniwersytecie Przyrodniczym w Lublinie a od 1 lutego 2013 by\u0142 pracownikiem Wydzia\u0142u Agrobioin\u017cynierii tego\u017c Uniwersytetu. Wyk\u0142ada\u0142 tak\u017ce geodezj\u0119 i kartografi\u0119 na Katolickim Uniwersytecie Lubelskim, w Spo\u0142ecznej Akademii Nauk w \u0141odzi i w Wy\u017cszej Szkole Infrastruktury i Zarz\u0105dzania w Warszawie.<\/p>\n<p>&nbsp;<\/p>\n<p>W latach 1985-1993 by\u0142 prodziekanem Wydzia\u0142u Le\u015bnego. By\u0142 te\u017c d\u0142ugoletnim cz\u0142onkiem Senatu SGGW. Po raz pierwszy zasiada\u0142 w nim w kadencji 1981-1984. By\u0142 cz\u0142onkiem wielu komisji senackich (w tym przewodnicz\u0105cym Senackiej Komisji ds. Historii i Odznacze\u0144 na kadencje 2002-2005 i 2005-2008) i rektorskich, Rady Fundacji \u201eRozw\u00f3j SGGW\u201d oraz Rady Programowej Ursynowskiego Uniwersytetu III Wieku im. J. U. Niemcewicza.<\/p>\n<p>&nbsp;<\/p>\n<p>W latach 1993-1999 i 2002-2008 prof. H. Olenderek piastowa\u0142 funkcj\u0119 dziekana WL SGGW. Do jego szczeg\u00f3lnych osi\u0105gni\u0119\u0107 nale\u017cy utworzenie, obecnie wiod\u0105cego w kraju, Centrum Edukacji Przyrodniczo-Le\u015bnej oraz rozw\u00f3j i modernizacja Le\u015bnego Zak\u0142adu Do\u015bwiadczalnego w Rogowie (czo\u0142owy o\u015brodek dydaktyczny, naukowy i wdro\u017ceniowy w Europie). Nadzorowa\u0142 przeniesienie Wydzia\u0142u ze starej siedziby przy ul. Rakowieckiej do nowego budynku na Ursynowie. Za jego kadencji dzieka\u0144skiej Wydzia\u0142 otrzyma\u0142 akredytacj\u0119 Pa\u0144stwowej Komisji Akredytacyjnej, wdro\u017cono studia dwustopniowe oraz nowe plany i programy studi\u00f3w. Uruchomiono wsp\u00f3lnie z Uniwersytetem w Eberswalde studia mi\u0119dzynarodowe II stopnia w zakresie technologii informacyjnych w le\u015bnictwie. Wsp\u00f3\u0142tworzy\u0142 kszta\u0142cenie na nowym kierunku studi\u00f3w gospodarka przestrzenna, inicjuj\u0105c powstanie Mi\u0119dzywydzia\u0142owego Studium Gospodarki Przestrzennej w SGGW w Warszawie oraz Zamiejscowego O\u015brodka Dydaktycznego w Przasnyszu.<\/p>\n<p>&nbsp;<\/p>\n<p>Zainteresowania naukowe prof. H. Olenderka dotyczy\u0142y geomatycznych metod badania stanu i zmian \u015brodowiska ze szczeg\u00f3lnym uwzgl\u0119dnieniem las\u00f3w, park\u00f3w narodowych i park\u00f3w zabytkowych. Jest autorem lub wsp\u00f3\u0142autorem 263 publikacji, w tym 145 prac tw\u00f3rczych, 13 podr\u0119cznik\u00f3w i skrypt\u00f3w oraz ponad 200 prac nie publikowanych (dokumentacje, projekty). Prace prof. H. Olenderka i jego wsp\u00f3\u0142pracownik\u00f3w z Zak\u0142adu s\u0105 wysoko oceniane w kraju i za granic\u0105. Przyczyni\u0142y si\u0119 istotnie do pe\u0142nienia przez Lasy Pa\u0144stwowe wiod\u0105cej roli w Europie we wdra\u017caniu system\u00f3w informacji przestrzennej. Wyniki bada\u0144 znalaz\u0142y szerokie zastosowanie w praktyce, m. in. w aktach normatywnych resortu \u015brodowiska. Profesor wprowadzi\u0142 r\u00f3wnie\u017c problematyk\u0119 wsp\u00f3\u0142czesnej geomatyki, a szczeg\u00f3lnie system\u00f3w informacji przestrzennej, do dydaktyki SGGW. Stworzy\u0142 na Wydziale Le\u015bnym now\u0105 specjalizacj\u0119. Prowadzi\u0142 zaj\u0119cia dydaktyczne w zakresie szeroko rozumianej geomatyki na kierunkach studi\u00f3w: le\u015bnictwo, architektura krajobrazu, ochrona \u015brodowiska, gospodarka przestrzenna. <strong>Pracuj\u0105c, jako emerytowany profesor, na\u00a0 Uniwersytecie Przyrodniczym w Lublinie prowadzi\u0142 zaj\u0119cia z przedmiot\u00f3w \u201eGeodezja i kartografia\u201d na kierunku gospodarka przestrzenna oraz \u201eGeodezja le\u015bna\u201d na kierunku le\u015bnictwo<\/strong>.<\/p>\n<p>&nbsp;<\/p>\n<p>By\u0142 cenionym wychowawc\u0105 m\u0142odzie\u017cy. Pod jego opiek\u0105 promotorsk\u0105 zosta\u0142o zako\u0144czonych 16 przewod\u00f3w doktorskich, wypromowa\u0142 r\u00f3wnie\u017c 137 magistr\u00f3w in\u017cynier\u00f3w,\u00a0 115 in\u017cynier\u00f3w i 11 licencjat\u00f3w. Przygotowa\u0142 35 recenzji w sprawie awans\u00f3w naukowych. By\u0142 promotorem w przewodzie doktoratu honoris causa prof. Tomasz Boreckiego.<\/p>\n<p>&nbsp;<\/p>\n<p>Prof. Olenderek by\u0142 organizatorem lub wsp\u00f3\u0142organizatorem ponad 20 konferencji krajowych i mi\u0119dzynarodowych w tym Kongresu Le\u015bnik\u00f3w Polskich (1997 r.) i \u015bwiatowej Konferencji \u201eRemote Sensing and Forest Monitoring\u201d (1999 r.), za co otrzyma\u0142 wyr\u00f3\u017cnienie Prezydenta IUFRO, oraz cyklicznych (siedmiu) konferencji \u201eSystemy Informacji Przestrzennej w Lasach Pa\u0144stwowych\u201d (po zmianie nazwy \u201eGeomatyka w Lasach Pa\u0144stwowych\u201d). Aktywnie dzia\u0142a\u0142 na rzecz ochrony dziedzictwa kulturowego Polski wykonuj\u0105c m. in. wraz z zespo\u0142em wsp\u00f3\u0142pracownik\u00f3w dokumentacje ponad 100 wiejskich park\u00f3w historycznych.<\/p>\n<p>&nbsp;<\/p>\n<p>Wyj\u0105tkowo aktywnie dzia\u0142a\u0142 poza Uczelni\u0105 m. in. jako cz\u0142onek: Prezydium Rady Le\u015bnictwa, Kolegium Las\u00f3w Pa\u0144stwowych, Zespo\u0142u Ekspert\u00f3w Ministerstwa Edukacji Narodowej i Sportu oraz Zespo\u0142u Ministra Nauki i Szkolnictwa Wy\u017cszego, Ministerialnego Zespo\u0142u ds. informacji przestrzennej i centralnego banku danych (przy Ministrze Ochrony \u015arodowiska), Rady Naukowej Instytutu Geodezji i Kartografii, Komitetu Geodezji PAN, dw\u00f3ch rad naukowych Acta Scientarum Polonorum (Administratio Locorum, Geodesia et Descriptio Terrarum), rady programowej Rocznik\u00f3w Geomatyki. Aktywnie uczestniczy\u0142 w pracach European Network for Education and Research in Land Information System, Rady Naukowej O\u015brodka Kultury Le\u015bnej w Go\u0142uchowie, Rady Naukowej przy Mazowieckim O\u015brodku Doradztwa Rolniczego, Rady Programowej Centrum Edukacji Przyrodniczo-Le\u015bnej w Rogowie i Komitetu Redakcyjnego periodyku \u201eStudia i Materia\u0142y Centrum Edukacji Przyrodniczo-Le\u015bnej\u201d.<\/p>\n<p>&nbsp;<\/p>\n<p>Za swoje osi\u0105gni\u0119cia naukowe i dydaktyczne oraz dzia\u0142alno\u015b\u0107 spo\u0142eczn\u0105 by\u0142 wielokrotnie nagradzany, m.in.: czterokrotnie nagrod\u0105 Ministra Edukacji Narodowej, nagrod\u0105 Wydzia\u0142u Nauk Rolniczych i Le\u015bnych PAN, nagrod\u0105 Ministra Kultury i Sztuki oraz nagrodami JM Rektora SGGW. Zosta\u0142 odznaczony Srebrnym i Z\u0142otym Krzy\u017cem Zas\u0142ugi, Medalem Komisji Edukacji Narodowej oraz odznakami: \u201eZa zas\u0142ugi dla SGGW\u201d, z\u0142ot\u0105 odznak\u0105 Polskiego Towarzystwa Le\u015bnego, odznak\u0105 \u201eZa Zas\u0142ugi dla Ochrony \u015arodowiska i Gospodarki Wodnej\u201d, odznak\u0105 \u201eZas\u0142u\u017cony Dzia\u0142acz Kultury Fizycznej\u201d. Zosta\u0142 uhonorowany Kordelasem Le\u015bnika (wyr\u00f3\u017cnienie Las\u00f3w Pa\u0144stwowych).<\/p>\n<p>&nbsp;<\/p>\n<p>Minister Nauki i Szkolnictwa Wy\u017cszego doceni\u0142 ca\u0142okszta\u0142t dzia\u0142alno\u015bci organizacyjnej Profesora przyznaj\u0105c mu w roku 2012 nagrod\u0119 Ministra Nauki i Szkolnictwa Wy\u017cszego.<\/p>\n","protected":false},"excerpt":{"rendered":"<p>&nbsp; &nbsp; Z g\u0142\u0119bokim \u017calem zawiadamiamy, \u017ce 30 czerwca 2022 r. zmar\u0142 w wieku 81 lat \u015aP. Prof. dr hab. Heronim Olenderek Specjalista w zakresie geodezji le\u015bnej, wieloletni, pracownik SGGW w Warszawie, pracownik UP w Lublinie w latach 2013-2021, \u00a0wybitny naukowiec, doskona\u0142y dydaktyk, wyj\u0105tkowy nauczyciel akademicki. &nbsp; Rektor i Senat UP w Lublinie Dziekan i [&hellip;]<\/p>\n","protected":false},"author":207,"featured_media":0,"comment_status":"closed","ping_status":"closed","sticky":false,"template":"","format":"standard","meta":{"_monsterinsights_skip_tracking":false,"_monsterinsights_sitenote_active":false,"_monsterinsights_sitenote_note":"","_monsterinsights_sitenote_category":0},"categories":[12],"tags":[],"_links":{"self":[{"href":"https:\/\/up.lublin.pl\/agrobio\/wp-json\/wp\/v2\/posts\/146261"}],"collection":[{"href":"https:\/\/up.lublin.pl\/agrobio\/wp-json\/wp\/v2\/posts"}],"about":[{"href":"https:\/\/up.lublin.pl\/agrobio\/wp-json\/wp\/v2\/types\/post"}],"author":[{"embeddable":true,"href":"https:\/\/up.lublin.pl\/agrobio\/wp-json\/wp\/v2\/users\/207"}],"replies":[{"embeddable":true,"href":"https:\/\/up.lublin.pl\/agrobio\/wp-json\/wp\/v2\/comments?post=146261"}],"version-history":[{"count":6,"href":"https:\/\/up.lublin.pl\/agrobio\/wp-json\/wp\/v2\/posts\/146261\/revisions"}],"predecessor-version":[{"id":146271,"href":"https:\/\/up.lublin.pl\/agrobio\/wp-json\/wp\/v2\/posts\/146261\/revisions\/146271"}],"wp:attachment":[{"href":"https:\/\/up.lublin.pl\/agrobio\/wp-json\/wp\/v2\/media?parent=146261"}],"wp:term":[{"taxonomy":"category","embeddable":true,"href":"https:\/\/up.lublin.pl\/agrobio\/wp-json\/wp\/v2\/categories?post=146261"},{"taxonomy":"post_tag","embeddable":true,"href":"https:\/\/up.lublin.pl\/agrobio\/wp-json\/wp\/v2\/tags?post=146261"}],"curies":[{"name":"wp","href":"https:\/\/api.w.org\/{rel}","templated":true}]}}