{"id":146126,"date":"2022-06-13T18:51:24","date_gmt":"2022-06-13T16:51:24","guid":{"rendered":"https:\/\/up.lublin.pl\/agrobio\/?p=146126"},"modified":"2022-06-13T18:51:24","modified_gmt":"2022-06-13T16:51:24","slug":"zebranie-polskiego-towarzystwa-agronomicznego","status":"publish","type":"post","link":"https:\/\/up.lublin.pl\/agrobio\/zebranie-polskiego-towarzystwa-agronomicznego\/","title":{"rendered":"Zebranie Polskiego Towarzystwa Agronomicznego"},"content":{"rendered":"<p style=\"text-align: center\">Szanowni Pa\u0144stwo,<\/p>\n<p style=\"text-align: center\">\n<p style=\"text-align: center\">serdecznie zapraszam dnia <strong>22 czerwca 2022<\/strong> <strong>roku<\/strong> (\u015broda)<\/p>\n<p style=\"text-align: center\">na zebranie naukowe Polskiego Towarzystwa Agronomicznego,<\/p>\n<p style=\"text-align: center\">na kt\u00f3rym<\/p>\n<p style=\"text-align: center\"><strong>\u00a0<\/strong><\/p>\n<p style=\"text-align: center\"><strong>dr Marta Stankiewicz-Kosyl <\/strong><\/p>\n<p style=\"text-align: center\">(Katedra Ochrony Ro\u015blin, Instytut Nauk Ogrodniczych, SGGW)<\/p>\n<p style=\"text-align: center\">\n<p style=\"text-align: center\">wyg\u0142osi wyk\u0142ad:<\/p>\n<p style=\"text-align: center\"><strong>\u201eOdporno\u015b\u0107 chwast\u00f3w na herbicydy\u201d.<\/strong><\/p>\n<p style=\"text-align: center\">\n<p style=\"text-align: center\">Zebranie odb\u0119dzie si\u0119 o godz. 10.00, w sali 418 Biblioteki UP w Lublinie.<\/p>\n<p style=\"text-align: center\"><strong>\u00a0<\/strong><\/p>\n<p style=\"text-align: center\">W imieniu Zarz\u0105du PTA, Oddzia\u0142u Lubelskiego<\/p>\n<p style=\"text-align: center\">Dr hab. Ma\u0142gorzata Haliniarz, prof. uczelni<\/p>\n<p><strong>\u00a0<\/strong><\/p>\n","protected":false},"excerpt":{"rendered":"<p>Szanowni Pa\u0144stwo, serdecznie zapraszam dnia 22 czerwca 2022 roku (\u015broda) na zebranie naukowe Polskiego Towarzystwa Agronomicznego, na kt\u00f3rym \u00a0 dr Marta Stankiewicz-Kosyl (Katedra Ochrony Ro\u015blin, Instytut Nauk Ogrodniczych, SGGW) wyg\u0142osi wyk\u0142ad: \u201eOdporno\u015b\u0107 chwast\u00f3w na herbicydy\u201d. Zebranie odb\u0119dzie si\u0119 o godz. 10.00, w sali 418 Biblioteki UP w Lublinie. \u00a0 W imieniu Zarz\u0105du PTA, Oddzia\u0142u Lubelskiego [&hellip;]<\/p>\n","protected":false},"author":207,"featured_media":0,"comment_status":"closed","ping_status":"closed","sticky":false,"template":"","format":"standard","meta":{"_monsterinsights_skip_tracking":false,"_monsterinsights_sitenote_active":false,"_monsterinsights_sitenote_note":"","_monsterinsights_sitenote_category":0},"categories":[12],"tags":[],"_links":{"self":[{"href":"https:\/\/up.lublin.pl\/agrobio\/wp-json\/wp\/v2\/posts\/146126"}],"collection":[{"href":"https:\/\/up.lublin.pl\/agrobio\/wp-json\/wp\/v2\/posts"}],"about":[{"href":"https:\/\/up.lublin.pl\/agrobio\/wp-json\/wp\/v2\/types\/post"}],"author":[{"embeddable":true,"href":"https:\/\/up.lublin.pl\/agrobio\/wp-json\/wp\/v2\/users\/207"}],"replies":[{"embeddable":true,"href":"https:\/\/up.lublin.pl\/agrobio\/wp-json\/wp\/v2\/comments?post=146126"}],"version-history":[{"count":1,"href":"https:\/\/up.lublin.pl\/agrobio\/wp-json\/wp\/v2\/posts\/146126\/revisions"}],"predecessor-version":[{"id":146127,"href":"https:\/\/up.lublin.pl\/agrobio\/wp-json\/wp\/v2\/posts\/146126\/revisions\/146127"}],"wp:attachment":[{"href":"https:\/\/up.lublin.pl\/agrobio\/wp-json\/wp\/v2\/media?parent=146126"}],"wp:term":[{"taxonomy":"category","embeddable":true,"href":"https:\/\/up.lublin.pl\/agrobio\/wp-json\/wp\/v2\/categories?post=146126"},{"taxonomy":"post_tag","embeddable":true,"href":"https:\/\/up.lublin.pl\/agrobio\/wp-json\/wp\/v2\/tags?post=146126"}],"curies":[{"name":"wp","href":"https:\/\/api.w.org\/{rel}","templated":true}]}}