{"id":145629,"date":"2022-05-13T11:02:34","date_gmt":"2022-05-13T09:02:34","guid":{"rendered":"https:\/\/up.lublin.pl\/agrobio\/?p=145629"},"modified":"2022-05-13T11:02:34","modified_gmt":"2022-05-13T09:02:34","slug":"zaproszenie-na-seminarium-nt-sosny-kampinoskie-historia-terazniejszosc-przyszlosc-organizowanym-przez-instytut-badawczy-lesnictwa","status":"publish","type":"post","link":"https:\/\/up.lublin.pl\/agrobio\/zaproszenie-na-seminarium-nt-sosny-kampinoskie-historia-terazniejszosc-przyszlosc-organizowanym-przez-instytut-badawczy-lesnictwa\/","title":{"rendered":"Zaproszenie na seminarium nt. \u201eSosny kampinoskie: historia, tera\u017aniejszo\u015b\u0107, przysz\u0142o\u015b\u0107\u201d organizowanym przez Instytut Badawczy Le\u015bnictwa."},"content":{"rendered":"<p>Szanowni Pa\u0144stwo,<\/p>\n<p>&nbsp;<\/p>\n<p>Zapraszamy wszystkich ch\u0119tnych do wzi\u0119cia udzia\u0142u w seminarium nt. \u201eSosny kampinoskie: historia, tera\u017aniejszo\u015b\u0107, przysz\u0142o\u015b\u0107\u201d organizowanym przez Instytut Badawczy Le\u015bnictwa. Seminarium odb\u0119dzie si\u0119 w dniu 19 maja 2022 r. (czwartek) o godz. 10.00 w Sali konferencyjnej (parter budynku B) w Instytucie Badawczym Le\u015bnictwa w S\u0119kocinie Starym, ul. Braci Le\u015bnej 3. Alternatywnie zapewniona zostanie\u00a0 mo\u017cliwo\u015b\u0107 uczestnictwa w seminarium przez \u0142\u0105cza internetowe:<\/p>\n<p>&nbsp;<\/p>\n<p><a href=\"https:\/\/us02web.zoom.us\/j\/85924866271?pwd=RjNIVXdra0ZYaVV3NU1ZZnBvdFBPdz09\">https:\/\/us02web.zoom.us\/j\/85924866271?pwd=RjNIVXdra0ZYaVV3NU1ZZnBvdFBPdz09<\/a><\/p>\n<p>&nbsp;<\/p>\n<p>po uprzednim zg\u0142oszeniu ch\u0119ci uczestnictwa (tel. 22 7150 470;<\/p>\n<p>e-mail: D.Garbien-Pieniazkiewicz@ibles.waw.pl)<\/p>\n<p>&nbsp;<\/p>\n<p><a href=\"https:\/\/up.lublin.pl\/agrobio\/wp-content\/uploads\/sites\/2\/2022\/05\/Zaproszenie-na-seminarium.pdf\"><strong>Zaproszenie na seminarium<\/strong><\/a><\/p>\n","protected":false},"excerpt":{"rendered":"<p>Szanowni Pa\u0144stwo, &nbsp; Zapraszamy wszystkich ch\u0119tnych do wzi\u0119cia udzia\u0142u w seminarium nt. \u201eSosny kampinoskie: historia, tera\u017aniejszo\u015b\u0107, przysz\u0142o\u015b\u0107\u201d organizowanym przez Instytut Badawczy Le\u015bnictwa. Seminarium odb\u0119dzie si\u0119 w dniu 19 maja 2022 r. (czwartek) o godz. 10.00 w Sali konferencyjnej (parter budynku B) w Instytucie Badawczym Le\u015bnictwa w S\u0119kocinie Starym, ul. Braci Le\u015bnej 3. Alternatywnie zapewniona zostanie\u00a0 [&hellip;]<\/p>\n","protected":false},"author":207,"featured_media":0,"comment_status":"closed","ping_status":"closed","sticky":false,"template":"","format":"standard","meta":{"_monsterinsights_skip_tracking":false,"_monsterinsights_sitenote_active":false,"_monsterinsights_sitenote_note":"","_monsterinsights_sitenote_category":0},"categories":[12],"tags":[],"_links":{"self":[{"href":"https:\/\/up.lublin.pl\/agrobio\/wp-json\/wp\/v2\/posts\/145629"}],"collection":[{"href":"https:\/\/up.lublin.pl\/agrobio\/wp-json\/wp\/v2\/posts"}],"about":[{"href":"https:\/\/up.lublin.pl\/agrobio\/wp-json\/wp\/v2\/types\/post"}],"author":[{"embeddable":true,"href":"https:\/\/up.lublin.pl\/agrobio\/wp-json\/wp\/v2\/users\/207"}],"replies":[{"embeddable":true,"href":"https:\/\/up.lublin.pl\/agrobio\/wp-json\/wp\/v2\/comments?post=145629"}],"version-history":[{"count":7,"href":"https:\/\/up.lublin.pl\/agrobio\/wp-json\/wp\/v2\/posts\/145629\/revisions"}],"predecessor-version":[{"id":145640,"href":"https:\/\/up.lublin.pl\/agrobio\/wp-json\/wp\/v2\/posts\/145629\/revisions\/145640"}],"wp:attachment":[{"href":"https:\/\/up.lublin.pl\/agrobio\/wp-json\/wp\/v2\/media?parent=145629"}],"wp:term":[{"taxonomy":"category","embeddable":true,"href":"https:\/\/up.lublin.pl\/agrobio\/wp-json\/wp\/v2\/categories?post=145629"},{"taxonomy":"post_tag","embeddable":true,"href":"https:\/\/up.lublin.pl\/agrobio\/wp-json\/wp\/v2\/tags?post=145629"}],"curies":[{"name":"wp","href":"https:\/\/api.w.org\/{rel}","templated":true}]}}