{"id":145473,"date":"2022-04-12T08:27:12","date_gmt":"2022-04-12T06:27:12","guid":{"rendered":"https:\/\/up.lublin.pl\/agrobio\/?p=145473"},"modified":"2022-04-12T08:27:12","modified_gmt":"2022-04-12T06:27:12","slug":"stypendia-ministra-edukacji-i-nauki-za-znaczace-osiagniecia-naukowe-artystyczne-lub-sportowe-na-rok-akademicki-2021-2022","status":"publish","type":"post","link":"https:\/\/up.lublin.pl\/agrobio\/stypendia-ministra-edukacji-i-nauki-za-znaczace-osiagniecia-naukowe-artystyczne-lub-sportowe-na-rok-akademicki-2021-2022\/","title":{"rendered":"Stypendia Ministra Edukacji i Nauki za znacz\u0105ce osi\u0105gni\u0119cia naukowe, artystyczne lub sportowe na rok akademicki 2021\/2022"},"content":{"rendered":"<p>Mi\u0142o nam poinformowa\u0107, \u017ce 4 student\u00f3w Uniwersytetu Przyrodniczego w\u00a0Lublinie otrzyma stypendia Ministra Edukacji i\u00a0Nauki za znacz\u0105ce osi\u0105gni\u0119cia naukowe, artystyczne lub sportowe na rok akademicki 2021\/2022.<\/p>\n<p>&nbsp;<\/p>\n<p><img loading=\"lazy\" class=\"alignnone size-full wp-image-145474\" src=\"https:\/\/up.lublin.pl\/agrobio\/wp-content\/uploads\/sites\/2\/2022\/04\/Laureaci-stypendium-MEiN.jpg\" alt=\"\" width=\"659\" height=\"278\" \/><\/p>\n<p>W\u015br\u00f3d laureat\u00f3w z\u00a0Uniwersytetu Przyrodniczego w\u00a0Lublinie znale\u017ali si\u0119:<\/p>\n<ul>\n<li><strong>Aneta Krawiec<\/strong>\u00a0\u2014 studentka kierunku behawiorystyka zwierz\u0105t<\/li>\n<li><strong>Katarzyna Kulpa<\/strong>\u00a0\u2014 studentka kierunku weterynaria<\/li>\n<li><strong>Barbara Sur\u00f3wka<\/strong>\u00a0\u2014 studentka kierunku weterynaria<\/li>\n<li><strong>Damian Spustek<\/strong>\u00a0\u2014 student kierunku agrole\u015bnictwo<\/li>\n<\/ul>\n<p>&nbsp;<\/p>\n<p>Kandydatury student\u00f3w z\u00a0ca\u0142ej Polski oceni\u0142 zesp\u00f3\u0142 ekspert\u00f3w reprezentuj\u0105cych r\u00f3\u017cne dziedziny nauki i\u00a0sztuki. Do MEiN wp\u0142yn\u0119\u0142o 944 wnioski w\u00a0tej sprawie. Laureaci otrzymaj\u0105 wyr\u00f3\u017cnienie finansowe w\u00a0wysoko\u015bci 17000 z\u0142.<\/p>\n<p>&nbsp;<\/p>\n<p>Serdecznie gratulujemy i\u00a0\u017cyczymy kolejnych sukces\u00f3w!<\/p>\n","protected":false},"excerpt":{"rendered":"<p>Mi\u0142o nam poinformowa\u0107, \u017ce 4 student\u00f3w Uniwersytetu Przyrodniczego w\u00a0Lublinie otrzyma stypendia Ministra Edukacji i\u00a0Nauki za znacz\u0105ce osi\u0105gni\u0119cia naukowe, artystyczne lub sportowe na rok akademicki 2021\/2022. &nbsp; W\u015br\u00f3d laureat\u00f3w z\u00a0Uniwersytetu Przyrodniczego w\u00a0Lublinie znale\u017ali si\u0119: Aneta Krawiec\u00a0\u2014 studentka kierunku behawiorystyka zwierz\u0105t Katarzyna Kulpa\u00a0\u2014 studentka kierunku weterynaria Barbara Sur\u00f3wka\u00a0\u2014 studentka kierunku weterynaria Damian Spustek\u00a0\u2014 student kierunku agrole\u015bnictwo &nbsp; [&hellip;]<\/p>\n","protected":false},"author":207,"featured_media":0,"comment_status":"closed","ping_status":"closed","sticky":false,"template":"","format":"standard","meta":{"_monsterinsights_skip_tracking":false,"_monsterinsights_sitenote_active":false,"_monsterinsights_sitenote_note":"","_monsterinsights_sitenote_category":0},"categories":[12],"tags":[],"_links":{"self":[{"href":"https:\/\/up.lublin.pl\/agrobio\/wp-json\/wp\/v2\/posts\/145473"}],"collection":[{"href":"https:\/\/up.lublin.pl\/agrobio\/wp-json\/wp\/v2\/posts"}],"about":[{"href":"https:\/\/up.lublin.pl\/agrobio\/wp-json\/wp\/v2\/types\/post"}],"author":[{"embeddable":true,"href":"https:\/\/up.lublin.pl\/agrobio\/wp-json\/wp\/v2\/users\/207"}],"replies":[{"embeddable":true,"href":"https:\/\/up.lublin.pl\/agrobio\/wp-json\/wp\/v2\/comments?post=145473"}],"version-history":[{"count":5,"href":"https:\/\/up.lublin.pl\/agrobio\/wp-json\/wp\/v2\/posts\/145473\/revisions"}],"predecessor-version":[{"id":145483,"href":"https:\/\/up.lublin.pl\/agrobio\/wp-json\/wp\/v2\/posts\/145473\/revisions\/145483"}],"wp:attachment":[{"href":"https:\/\/up.lublin.pl\/agrobio\/wp-json\/wp\/v2\/media?parent=145473"}],"wp:term":[{"taxonomy":"category","embeddable":true,"href":"https:\/\/up.lublin.pl\/agrobio\/wp-json\/wp\/v2\/categories?post=145473"},{"taxonomy":"post_tag","embeddable":true,"href":"https:\/\/up.lublin.pl\/agrobio\/wp-json\/wp\/v2\/tags?post=145473"}],"curies":[{"name":"wp","href":"https:\/\/api.w.org\/{rel}","templated":true}]}}