{"id":145416,"date":"2022-04-04T13:02:35","date_gmt":"2022-04-04T11:02:35","guid":{"rendered":"https:\/\/up.lublin.pl\/agrobio\/?p=145416"},"modified":"2022-04-04T13:02:45","modified_gmt":"2022-04-04T11:02:45","slug":"grant-na-finansowanie-kosztow-interdyscyplinarnej-wysoko-punktowanej-publikacji-dla-prof-dr-hab-cezarego-kwiatkowskiego-oraz-dr-hab-elzbiety-harasim-prof-uczelni","status":"publish","type":"post","link":"https:\/\/up.lublin.pl\/agrobio\/grant-na-finansowanie-kosztow-interdyscyplinarnej-wysoko-punktowanej-publikacji-dla-prof-dr-hab-cezarego-kwiatkowskiego-oraz-dr-hab-elzbiety-harasim-prof-uczelni\/","title":{"rendered":"Grant na finansowanie koszt\u00f3w interdyscyplinarnej, wysoko punktowanej publikacji dla prof. dr. hab. Cezarego Kwiatkowskiego oraz dr hab. El\u017cbiety Harasim, prof. uczelni"},"content":{"rendered":"\t\t<div data-elementor-type=\"wp-post\" data-elementor-id=\"145416\" class=\"elementor elementor-145416\" data-elementor-settings=\"[]\">\n\t\t\t\t\t\t<div class=\"elementor-inner\">\n\t\t\t\t\t\t\t<div class=\"elementor-section-wrap\">\n\t\t\t\t\t\t\t<section class=\"elementor-section elementor-top-section elementor-element elementor-element-0b5f57a elementor-section-boxed elementor-section-height-default elementor-section-height-default\" data-id=\"0b5f57a\" data-element_type=\"section\">\n\t\t\t\t\t\t<div class=\"elementor-container elementor-column-gap-default\">\n\t\t\t\t\t\t\t<div class=\"elementor-row\">\n\t\t\t\t\t<div class=\"elementor-column elementor-col-100 elementor-top-column elementor-element elementor-element-416d43c\" data-id=\"416d43c\" data-element_type=\"column\">\n\t\t\t<div class=\"elementor-column-wrap elementor-element-populated\">\n\t\t\t\t\t\t\t<div class=\"elementor-widget-wrap\">\n\t\t\t\t\t\t<div class=\"elementor-element elementor-element-2c93b96 elementor-widget elementor-widget-m5c\" data-id=\"2c93b96\" data-element_type=\"widget\" data-widget_type=\"m5c.default\">\n\t\t\t\t<div class=\"elementor-widget-container\">\n\t\t\t<section class=\"mn-m5-c mn-m5-d2 mn-bg-white\">\n\t<div class=\"mn-grid\">\n\t\t\t\t<div class=\"mn-content mn-grid-9\">\n\t\t\t                <div class=\"mn-content-block active\">\n\t                                                        <div class=\"block-text\">\n\t                                        <p>Uprzejmie informujemy, \u017ce dwoje pracownik\u00f3w Wydzia\u0142u Agrobioin\u017cynierii Uniwersytetu Przyrodniczego w\u00a0Lublinie: prof. dr hab. <strong>Cezary Kwiatkowski <\/strong>oraz dr hab. <strong>El\u017cbieta Harasim<em>,<\/em><\/strong> prof. uczelni, otrzyma\u0142o <strong>grant Rektora Politechniki Lubelskiej na finansowanie interdyscyplinarnych bada\u0144\u00a0 i&nbsp;wydanie wysoko punktowanej publikacji w&nbsp;2022 r. w&nbsp;ramach konkursu na: P<em>rzyznawanie, realizacj\u0119 i&nbsp;rozliczanie programu projako\u015bciowego pn.: \u201eGranty na finansowanie koszt\u00f3w interdyscyplinarnej, wysoko punktowanej publikacji\u201d.<\/em><\/strong><\/p>\n<p>Dane wsp\u00f3\u0142autor\u00f3w artyku\u0142u naukowego:<\/p>\n<table style=\"border-collapse: collapse; width: 100%;\">\n<tbody>\n<tr>\n<th style=\"width: 25.6281%; text-align: center;\">\n<h4>Imi\u0119 i&nbsp;nazwisko<\/h4>\n<\/th>\n<th style=\"width: 42.9648%; text-align: center;\">\n<h4>Dyscyplina naukowa<\/h4>\n<\/th>\n<th style=\"width: 31.1558%; text-align: center;\">\n<h4>Uczelnia<\/h4>\n<\/th>\n<\/tr>\n<tr>\n<td style=\"width: 25.6281%;\">\n<p><strong>Cezary Kwiatkowski<\/strong><\/p>\n<\/td>\n<td style=\"width: 42.9648%;\">\n<p><strong>Rolnictwo i&nbsp;ogrodnictwo<\/strong><\/p>\n<\/td>\n<td style=\"width: 31.1558%;\">\n<p><strong>Uniwersytet Przyrodniczy w\u00a0Lublinie<br \/><\/strong><\/p>\n<\/td>\n<\/tr>\n<tr>\n<td style=\"width: 25.6281%;\">\n<p><strong>El\u017cbieta Harasim<\/strong><\/p>\n<\/td>\n<td style=\"width: 42.9648%;\">\n<p><strong>Rolnictwo i&nbsp;ogrodnictwo<\/strong><\/p>\n<\/td>\n<td style=\"width: 31.1558%;\">\n<p><strong>Uniwersytet Przyrodniczy w\u00a0Lublinie<br \/><\/strong><\/p>\n<\/td>\n<\/tr>\n<tr>\n<td style=\"width: 25.6281%;\">\n<p>Justyna Kujawska<\/p>\n<\/td>\n<td style=\"width: 42.9648%;\">\n<p>In\u017cynieria \u015brodowiska, g\u00f3rnictwo i&nbsp;energetyka<\/p>\n<\/td>\n<td style=\"width: 31.1558%;\">\n<p>Politechnika Lubelska<\/p>\n<\/td>\n<\/tr>\n<tr>\n<td style=\"width: 25.6281%;\">\n<p>Wojciech Cel<\/p>\n<\/td>\n<td style=\"width: 42.9648%;\">\n<p>In\u017cynieria \u015brodowiska, g\u00f3rnictwo i&nbsp;energetyka<\/p>\n<\/td>\n<td style=\"width: 31.1558%;\">\n<p>Politechnika Lubelska<\/p>\n<\/td>\n<\/tr>\n<tr>\n<td style=\"width: 25.6281%;\">\n<p>Monika Kulisz<\/p>\n<\/td>\n<td style=\"width: 42.9648%;\">\n<p>Nauki o&nbsp;zarz\u0105dzaniu i&nbsp;jako\u015bci<\/p>\n<\/td>\n<td style=\"width: 31.1558%;\">\n<p>Politechnika Lubelska<\/p>\n<\/td>\n<\/tr>\n<tr>\n<td style=\"width: 25.6281%;\">\n<p>Lidia Bandura<\/p>\n<\/td>\n<td style=\"width: 42.9648%;\">\n<p>In\u017cynieria l\u0105dowa i&nbsp;transport<\/p>\n<\/td>\n<td style=\"width: 31.1558%;\">\n<p>Politechnika Lubelska<\/p>\n<\/td>\n<\/tr>\n<\/tbody>\n<\/table>\n<p><strong><br \/>Tytu\u0142 artyku\u0142u naukowego: <\/strong>Zastosowanie sztucznych sieci neuronowych do prognozowania emisji gaz\u00f3w cieplarnianych z&nbsp;gleby wzbogaconej w&nbsp;dodatki zwi\u0119kszaj\u0105ce i&nbsp;stabilizuj\u0105ce zas\u00f3b biogen\u00f3w\/<em>Application of the artificial neural network to forecast the greenhouse gasses emission from soil supplemented with additives enhancing and stabilizing nutrient stock<\/em><\/p>\n<p><strong>Celem planowanych bada\u0144<\/strong> jest ocena zmienno\u015bci strumienia emisji gaz\u00f3w cieplarnianych z&nbsp;gleby nawo\u017conej r\u00f3\u017cnymi rodzajami nawoz\u00f3w (mineralny konwencjonalny, poferment, mineralny niekonwecjonalny) oraz wzbogaconej w&nbsp;dodatki maj\u0105ce na celu zwi\u0119kszenie zdolno\u015bci sorpcyjnej (biow\u0119giel i&nbsp;zeolity) oraz skorelowanie szybko\u015bci ich emisji z&nbsp;w\u0142a\u015bciwo\u015bciami gleby i&nbsp;czynnikami zewn\u0119trznymi.<\/p>\n<p>Nazwa czasopisma \u2013 <strong>Journal of Cleaner Production \/Elsevier\/<\/strong><\/p>\n<p>Liczba punkt\u00f3w za publikacj\u0119 zgodnie z&nbsp;aktualnym wykazem czasopism sporz\u0105dzonym i&nbsp;udost\u0119pnionym przez ministra w\u0142a\u015bciwego ds. nauki = <strong>140<\/strong><\/p>\n<p>Warto\u015b\u0107 Impact Factor (JCR) = <strong>9.297<\/strong><\/p>\n                                        <\/div>\n\t\t\t\t\t\t                                <\/div>\n\t\t\t\t                <div class=\"mn-content-block\">\n\t                                <\/div>\n\t\t\t\t                <div class=\"mn-content-block\">\n\t                                <\/div>\n\t\t\t\t                <div class=\"mn-content-block\">\n\t                                <\/div>\n\t\t\t\t                <div class=\"mn-content-block\">\n\t                                <\/div>\n\t\t\t\t                <div class=\"mn-content-block\">\n\t                                <\/div>\n\t\t\t\t                <div class=\"mn-content-block\">\n\t                                <\/div>\n\t\t\t\t                <div class=\"mn-content-block\">\n\t                                <\/div>\n\t\t\t\t                <div class=\"mn-content-block\">\n\t                                <\/div>\n\t\t\t\t                <div class=\"mn-content-block\">\n\t                                <\/div>\n\t\t\t\t                <div class=\"mn-content-block\">\n\t                                <\/div>\n\t\t\t\t                <div class=\"mn-content-block\">\n\t                                <\/div>\n\t\t\t\t                <div class=\"mn-content-block\">\n\t                                <\/div>\n\t\t\t\t                <div class=\"mn-content-block\">\n\t                                <\/div>\n\t\t\t\t                <div class=\"mn-content-block\">\n\t                                <\/div>\n\t\t\t\t                <div class=\"mn-content-block\">\n\t                                <\/div>\n\t\t\t\t                <div class=\"mn-content-block\">\n\t                                <\/div>\n\t\t\t\t                <div class=\"mn-content-block\">\n\t                                <\/div>\n\t\t\t\t                <div class=\"mn-content-block\">\n\t                                <\/div>\n\t\t\t\t                <div class=\"mn-content-block\">\n\t                                <\/div>\n\t\t\t\t\t\t<\/div>\n\t<\/div>\n<\/section>\n\t\t<\/div>\n\t\t\t\t<\/div>\n\t\t\t\t\t\t<\/div>\n\t\t\t\t\t<\/div>\n\t\t<\/div>\n\t\t\t\t\t\t\t\t<\/div>\n\t\t\t\t\t<\/div>\n\t\t<\/section>\n\t\t\t\t\t\t<\/div>\n\t\t\t\t\t\t<\/div>\n\t\t\t\t\t<\/div>\n\t\t","protected":false},"excerpt":{"rendered":"<p>Uprzejmie informujemy, \u017ce dwoje pracownik\u00f3w Wydzia\u0142u Agrobioin\u017cynierii Uniwersytetu Przyrodniczego w\u00a0Lublinie: prof. dr hab. Cezary Kwiatkowski oraz dr hab. El\u017cbieta Harasim, prof. uczelni, otrzyma\u0142o grant Rektora Politechniki Lubelskiej na finansowanie interdyscyplinarnych bada\u0144\u00a0 i&nbsp;wydanie wysoko punktowanej publikacji w&nbsp;2022 r. w&nbsp;ramach konkursu na: Przyznawanie, realizacj\u0119 i&nbsp;rozliczanie programu projako\u015bciowego pn.: \u201eGranty na finansowanie koszt\u00f3w interdyscyplinarnej, wysoko punktowanej publikacji\u201d. Dane [&hellip;]<\/p>\n","protected":false},"author":2,"featured_media":0,"comment_status":"closed","ping_status":"closed","sticky":false,"template":"","format":"standard","meta":{"_monsterinsights_skip_tracking":false,"_monsterinsights_sitenote_active":false,"_monsterinsights_sitenote_note":"","_monsterinsights_sitenote_category":0},"categories":[12],"tags":[],"_links":{"self":[{"href":"https:\/\/up.lublin.pl\/agrobio\/wp-json\/wp\/v2\/posts\/145416"}],"collection":[{"href":"https:\/\/up.lublin.pl\/agrobio\/wp-json\/wp\/v2\/posts"}],"about":[{"href":"https:\/\/up.lublin.pl\/agrobio\/wp-json\/wp\/v2\/types\/post"}],"author":[{"embeddable":true,"href":"https:\/\/up.lublin.pl\/agrobio\/wp-json\/wp\/v2\/users\/2"}],"replies":[{"embeddable":true,"href":"https:\/\/up.lublin.pl\/agrobio\/wp-json\/wp\/v2\/comments?post=145416"}],"version-history":[{"count":4,"href":"https:\/\/up.lublin.pl\/agrobio\/wp-json\/wp\/v2\/posts\/145416\/revisions"}],"predecessor-version":[{"id":145421,"href":"https:\/\/up.lublin.pl\/agrobio\/wp-json\/wp\/v2\/posts\/145416\/revisions\/145421"}],"wp:attachment":[{"href":"https:\/\/up.lublin.pl\/agrobio\/wp-json\/wp\/v2\/media?parent=145416"}],"wp:term":[{"taxonomy":"category","embeddable":true,"href":"https:\/\/up.lublin.pl\/agrobio\/wp-json\/wp\/v2\/categories?post=145416"},{"taxonomy":"post_tag","embeddable":true,"href":"https:\/\/up.lublin.pl\/agrobio\/wp-json\/wp\/v2\/tags?post=145416"}],"curies":[{"name":"wp","href":"https:\/\/api.w.org\/{rel}","templated":true}]}}