{"id":143268,"date":"2021-10-14T10:50:23","date_gmt":"2021-10-14T08:50:23","guid":{"rendered":"https:\/\/up.lublin.pl\/agrobio\/?p=143268"},"modified":"2021-10-14T10:50:23","modified_gmt":"2021-10-14T08:50:23","slug":"kompetencje-jutra-lublin-inspiruje-przyszlosc","status":"publish","type":"post","link":"https:\/\/up.lublin.pl\/agrobio\/kompetencje-jutra-lublin-inspiruje-przyszlosc\/","title":{"rendered":"Kompetencje jutra. Lublin inspiruje przysz\u0142o\u015b\u0107"},"content":{"rendered":"<div>Szanowni Pa\u0144stwo Pracownicy i Studenci Wydzia\u0142u Agrobioin\u017cynierii,<br \/>\n<b><\/b><\/div>\n<div><b>\u00a0<\/b><br \/>\n<b>Urz\u0105d Miasta Lublin\u00a0wraz z\u00a0Sektorow\u0105 Rad\u0105 ds. Kompetencji Nowoczesnych Us\u0142ug Biznesowych\u00a0zaprasza do bezp\u0142atnego udzia\u0142u w konferencji online \u201eKompetencje jutra. Lublin inspiruje przysz\u0142o\u015b\u0107\u201d, kt\u00f3ra odb\u0119dzie si\u0119\u00a0<span id=\"mcntmcntOBJ_PREFIX_DWT1581_com_zimbra_date\" class=\"mcntmcntObject\"><span id=\"mcntmcntOBJ_PREFIX_DWT1588_com_zimbra_date\" class=\"mcntmcntObject\">26 pa\u017adziernika 2021<\/span><\/span>\u00a0r. w godz. 10:00 \u2013 13:00.<\/b><\/p>\n<p class=\"mcntmcntMsoNormal\">\n<p class=\"mcntmcntMsoNormal\">Konferencja odpowie na pytania:<\/p>\n<ul>\n<li class=\"mcntmcntMsoNormal\">Jakie s\u0105 aktualne trendy dotycz\u0105ce funkcjonowania systemu edukacji, kszta\u0142towania kompetencji jego uczestnik\u00f3w oraz przysz\u0142o\u015bci nauczania?<\/li>\n<li class=\"mcntmcntMsoNormal\">Kt\u00f3re kompetencje odr\u00f3\u017cniaj\u0105 prac\u0119\u00a0<span id=\"mcntmcntOBJ_PREFIX_DWT1582_com_zimbra_date\" class=\"mcntmcntObject\"><span id=\"mcntmcntOBJ_PREFIX_DWT1589_com_zimbra_date\" class=\"mcntmcntObject\">cz<\/span><\/span>\u0142owieka od pracy system\u00f3w informatycznych, robot\u00f3w czy sztucznej inteligencji?<\/li>\n<li class=\"mcntmcntMsoNormal\">Jakie s\u0105 kompetencje jutra w sektorze nowoczesnych us\u0142ug biznesowych?<\/li>\n<li class=\"mcntmcntMsoNormal\">Jak ZSK mo\u017ce wspiera\u0107 budowanie nowych kadr dla sektora nowoczesnych us\u0142ug biznesowych?<\/li>\n<li class=\"mcntmcntMsoNormal\">Czy kwalifikacje rynkowe mo\u017cna implementowa\u0107 w szko\u0142ach i uczelniach, aby odpowiedzie\u0107 na potrzeby biznesu?<\/li>\n<li class=\"mcntmcntMsoNormal\">Jakie korzy\u015bci z kwalifikacji rynkowych mog\u0105 uzyska\u0107 pracodawcy?<\/li>\n<\/ul>\n<p class=\"mcntmcntMsoNormal\">Dodatkowo specjalnie\u00a0dla przedstawicieli \u015brodowiska akademickiego przygotowane zosta\u0142y warsztaty \u201e<b>Wykorzystanie kwalifikacji rynkowych w\u0142\u0105czonych do ZSK w edukacji<\/b>\u201d, podczas kt\u00f3rych znajdziemy odpowiedzi na pytania:<\/p>\n<ul>\n<li class=\"mcntmcntMsoNormal\">Czy kwalifikacje rynkowe mo\u017cna wykorzysta\u0107 w ramach systemu o\u015bwiaty i szkolnictwa zawodowego i wy\u017cszego?<\/li>\n<li class=\"mcntmcntMsoNormal\">W jaki spos\u00f3b w\u0142\u0105czy\u0107 je w tok nauczania?<\/li>\n<li class=\"mcntmcntMsoNormal\">Jakie s\u0105 korzy\u015bci i mo\u017cliwo\u015bci prawne w\u0142\u0105czenia efekt\u00f3w uczenia si\u0119 dla kwalifikacji w\u0142\u0105czonych do ZSK w programy kszta\u0142cenia?<\/li>\n<li class=\"mcntmcntMsoNormal\">Jak szuka\u0107 kwalifikacji pod k\u0105tem konkretnych zawod\u00f3w czy potrzeb rynkowych?<\/li>\n<\/ul>\n<p class=\"mcntmcntMsoNormal\">Pokazane zostan\u0105 r\u00f3wnie\u017c dobre praktyki instytucji edukacyjnych, kt\u00f3re ju\u017c dokona\u0142y modyfikacji w tym zakresie.<\/p>\n<p class=\"mcntmcntMsoNormal\">Natomiast\u00a0dla student\u00f3w przygotowano warsztaty \u201e<b>Prezentacja najlepszych firm z sektora nowoczesnych us\u0142ug dla biznesu<\/b>\u201d, podczas kt\u00f3rych b\u0119dzie mo\u017cliwo\u015b\u0107 poznania:<\/p>\n<ul>\n<li class=\"mcntmcntMsoNormal\">jakie kompetencje s\u0105 potrzebne do rozpocz\u0119cia pracy w sektorze nowoczesnych us\u0142ug dla biznesu;<\/li>\n<li class=\"mcntmcntMsoNormal\">najlepszych lubelskich firm z tego sektora;<\/li>\n<li class=\"mcntmcntMsoNormal\">wymaga\u0144 jakie firmy stawiaj\u0105 dla przysz\u0142ych pracownik\u00f3w;<\/li>\n<li class=\"mcntmcntMsoNormal\">korzy\u015bci p\u0142yn\u0105cych z rozpocz\u0119cia kariery w lubelskich firmach;<\/li>\n<li class=\"mcntmcntMsoNormal\">narz\u0119dzi pracy oraz aplikacji wykorzystywanych w tej bran\u017cy;<\/li>\n<\/ul>\n<p class=\"mcntmcntMsoNormal\">oraz zadania pyta\u0144 i udzia\u0142u w dyskusji na wszystkie nurtuj\u0105ce zagadnienia dotycz\u0105ce rozpocz\u0119cia kariery w sektorze nowoczesnych us\u0142ug dla biznesu.<\/p>\n<p class=\"mcntmcntMsoNormal\">Konferencja wraz z wydarzeniami towarzysz\u0105cymi odb\u0119dzie si\u0119 wy\u0142\u0105cznie online. Udzia\u0142 w wydarzeniu jest bezp\u0142atny. Obowi\u0105zuje wcze\u015bniejsza rejestracja. Formularz rejestracyjny dost\u0119pny jest na stronie:\u00a0<span id=\"mcntmcntOBJ_PREFIX_DWT1583_com_zimbra_url\" class=\"mcntmcntObject\"><span id=\"mcntmcntOBJ_PREFIX_DWT1590_com_zimbra_url\" class=\"mcntmcntObject\"><a href=\"http:\/\/www.kompetencjejutra.lublin.eu\/\" target=\"_blank\" rel=\"noopener\">www.kompetencjejutra.lublin.eu<\/a><\/span><\/span>.<\/p>\n<\/div>\n<div><\/div>\n<div><span style=\"font-family: Arial;font-size: medium\">prof. dr hab. Barbara Ko\u0142odziej<br \/>\n<\/span><\/div>\n<div><span style=\"font-family: Arial;font-size: medium\">\u00a0<\/span><\/div>\n<p><span style=\"font-family: Arial;font-size: medium\">\u00a0Dziekan Wydzia\u0142u Agrobioin\u017cynierii<\/span><\/p>\n<div>\n<blockquote class=\"mcntmcnt mcntmori\">\n<div class=\"mcntemail-body\">\n<div>\n<div>\n<div>\n<div>\n<div>\n<div>\n<div>\n<div>\n<div>\n<div>\n<div>\n<div>\n<div>\n<div>\n<div>\n<div>\n<div>\n<div>\n<div>\n<div>\n<div>\n<div>\n<div>\n<div>\n<div>\n<div>\n<div>\n<div>\n<div>\n<div>\n<div>\n<div>\n<div>\n<div>\n<div>\n<div>\n<div>\n<div>\n<div>\n<div>\n<div>\n<div>\n<div>\n<div>\n<div>\n<div>\n<div>\n<div>\n<div>\n<div>\n<div>\n<div>\n<div>\n<div>\n<div>\n<div>\n<div>\n<div>\n<div>\n<div>\n<div>\n<div>\n<div>\n<div>\n<div id=\"mcntmcntzimbraEditorContainer\" class=\"mcntmcnt4\">\n<div>\n<div>\n<div>\n<div>\n<div>\n<div>\n<div><img loading=\"lazy\" class=\"alignnone size-full wp-image-143269\" src=\"https:\/\/up.lublin.pl\/agrobio\/wp-content\/uploads\/sites\/2\/2021\/10\/Zaproszenie_ogolne.jpg\" alt=\"\" width=\"718\" height=\"945\" \/><img loading=\"lazy\" class=\"alignnone size-full wp-image-143273\" src=\"https:\/\/up.lublin.pl\/agrobio\/wp-content\/uploads\/sites\/2\/2021\/10\/Zaproszenie_warsztaty-akademickosc.jpg\" alt=\"\" width=\"718\" height=\"945\" \/><img loading=\"lazy\" class=\"alignnone size-full wp-image-143277\" src=\"https:\/\/up.lublin.pl\/agrobio\/wp-content\/uploads\/sites\/2\/2021\/10\/Zaproszenie_warsztaty-studenci.jpg\" alt=\"\" width=\"718\" height=\"945\" \/><\/div>\n<\/div>\n<\/div>\n<\/div>\n<\/div>\n<\/div>\n<\/div>\n<\/div>\n<\/div>\n<\/div>\n<\/div>\n<\/div>\n<\/div>\n<\/div>\n<\/div>\n<\/div>\n<\/div>\n<\/div>\n<\/div>\n<\/div>\n<\/div>\n<\/div>\n<\/div>\n<\/div>\n<\/div>\n<\/div>\n<\/div>\n<\/div>\n<\/div>\n<\/div>\n<\/div>\n<\/div>\n<\/div>\n<\/div>\n<\/div>\n<\/div>\n<\/div>\n<\/div>\n<\/div>\n<\/div>\n<\/div>\n<\/div>\n<\/div>\n<\/div>\n<\/div>\n<\/div>\n<\/div>\n<\/div>\n<\/div>\n<\/div>\n<\/div>\n<\/div>\n<\/div>\n<\/div>\n<\/div>\n<\/div>\n<\/div>\n<\/div>\n<\/div>\n<\/div>\n<\/div>\n<\/div>\n<\/div>\n<\/div>\n<\/div>\n<\/div>\n<\/div>\n<\/div>\n<\/div>\n<\/div>\n<\/div>\n<\/div>\n<\/div>\n<\/blockquote>\n<\/div>\n","protected":false},"excerpt":{"rendered":"<p>Szanowni Pa\u0144stwo Pracownicy i Studenci Wydzia\u0142u Agrobioin\u017cynierii, \u00a0 Urz\u0105d Miasta Lublin\u00a0wraz z\u00a0Sektorow\u0105 Rad\u0105 ds. Kompetencji Nowoczesnych Us\u0142ug Biznesowych\u00a0zaprasza do bezp\u0142atnego udzia\u0142u w konferencji online \u201eKompetencje jutra. Lublin inspiruje przysz\u0142o\u015b\u0107\u201d, kt\u00f3ra odb\u0119dzie si\u0119\u00a026 pa\u017adziernika 2021\u00a0r. w godz. 10:00 \u2013 13:00. Konferencja odpowie na pytania: Jakie s\u0105 aktualne trendy dotycz\u0105ce funkcjonowania systemu edukacji, kszta\u0142towania kompetencji jego uczestnik\u00f3w [&hellip;]<\/p>\n","protected":false},"author":207,"featured_media":0,"comment_status":"closed","ping_status":"closed","sticky":false,"template":"","format":"standard","meta":{"_monsterinsights_skip_tracking":false,"_monsterinsights_sitenote_active":false,"_monsterinsights_sitenote_note":"","_monsterinsights_sitenote_category":0},"categories":[12],"tags":[],"_links":{"self":[{"href":"https:\/\/up.lublin.pl\/agrobio\/wp-json\/wp\/v2\/posts\/143268"}],"collection":[{"href":"https:\/\/up.lublin.pl\/agrobio\/wp-json\/wp\/v2\/posts"}],"about":[{"href":"https:\/\/up.lublin.pl\/agrobio\/wp-json\/wp\/v2\/types\/post"}],"author":[{"embeddable":true,"href":"https:\/\/up.lublin.pl\/agrobio\/wp-json\/wp\/v2\/users\/207"}],"replies":[{"embeddable":true,"href":"https:\/\/up.lublin.pl\/agrobio\/wp-json\/wp\/v2\/comments?post=143268"}],"version-history":[{"count":1,"href":"https:\/\/up.lublin.pl\/agrobio\/wp-json\/wp\/v2\/posts\/143268\/revisions"}],"predecessor-version":[{"id":143281,"href":"https:\/\/up.lublin.pl\/agrobio\/wp-json\/wp\/v2\/posts\/143268\/revisions\/143281"}],"wp:attachment":[{"href":"https:\/\/up.lublin.pl\/agrobio\/wp-json\/wp\/v2\/media?parent=143268"}],"wp:term":[{"taxonomy":"category","embeddable":true,"href":"https:\/\/up.lublin.pl\/agrobio\/wp-json\/wp\/v2\/categories?post=143268"},{"taxonomy":"post_tag","embeddable":true,"href":"https:\/\/up.lublin.pl\/agrobio\/wp-json\/wp\/v2\/tags?post=143268"}],"curies":[{"name":"wp","href":"https:\/\/api.w.org\/{rel}","templated":true}]}}