{"id":143213,"date":"2021-10-12T11:40:43","date_gmt":"2021-10-12T09:40:43","guid":{"rendered":"https:\/\/up.lublin.pl\/agrobio\/?p=143213"},"modified":"2021-10-12T11:40:43","modified_gmt":"2021-10-12T09:40:43","slug":"invitation-to-the-cycle-of-lectures-within-the-open-seminar","status":"publish","type":"post","link":"https:\/\/up.lublin.pl\/agrobio\/invitation-to-the-cycle-of-lectures-within-the-open-seminar\/","title":{"rendered":"Invitation to the cycle of lectures within the Open Seminar"},"content":{"rendered":"<p style=\"text-align: center\"><span style=\"font-size: 14px\"><strong>Invitation to the cycle of lectures within the Open Seminar<\/strong><\/span><\/p>\n<p>&nbsp;<\/p>\n<p style=\"text-align: center\"><span style=\"font-size: 14px\">Serdecznie zapraszamy na wyk\u0142ad<\/span><\/p>\n<p style=\"text-align: center\"><span style=\"font-size: 14px\"><strong>Prof. Dr. Fethi Ahmet \u00d6zdemi<\/strong>r<\/span><\/p>\n<p style=\"text-align: center\"><span style=\"font-size: 14px\">z Bingol University w Turcji <\/span><\/p>\n<p style=\"text-align: center\"><span style=\"font-size: 14px\">pt. \u201e<strong>Endemic Medicinal Plants to Turkey<\/strong>\u201d<\/span><\/p>\n<p>&nbsp;<\/p>\n<p style=\"text-align: center\"><span style=\"font-size: 14px\">Wyk\u0142ad odb\u0119dzie si\u0119 13 pa\u017adziernika o godz. 10<sup>00<\/sup> w sali 102 budynku Agro II<\/span><\/p>\n<p>&nbsp;<\/p>\n<p><img loading=\"lazy\" class=\"alignnone size-full wp-image-143214 aligncenter\" src=\"https:\/\/up.lublin.pl\/agrobio\/wp-content\/uploads\/sites\/2\/2021\/10\/Open-Seminar-2021.jpg\" alt=\"\" width=\"491\" height=\"299\" \/><\/p>\n","protected":false},"excerpt":{"rendered":"<p>Invitation to the cycle of lectures within the Open Seminar &nbsp; Serdecznie zapraszamy na wyk\u0142ad Prof. Dr. Fethi Ahmet \u00d6zdemir z Bingol University w Turcji pt. \u201eEndemic Medicinal Plants to Turkey\u201d &nbsp; Wyk\u0142ad odb\u0119dzie si\u0119 13 pa\u017adziernika o godz. 1000 w sali 102 budynku Agro II &nbsp;<\/p>\n","protected":false},"author":207,"featured_media":0,"comment_status":"closed","ping_status":"closed","sticky":false,"template":"","format":"standard","meta":{"_monsterinsights_skip_tracking":false,"_monsterinsights_sitenote_active":false,"_monsterinsights_sitenote_note":"","_monsterinsights_sitenote_category":0},"categories":[12],"tags":[],"_links":{"self":[{"href":"https:\/\/up.lublin.pl\/agrobio\/wp-json\/wp\/v2\/posts\/143213"}],"collection":[{"href":"https:\/\/up.lublin.pl\/agrobio\/wp-json\/wp\/v2\/posts"}],"about":[{"href":"https:\/\/up.lublin.pl\/agrobio\/wp-json\/wp\/v2\/types\/post"}],"author":[{"embeddable":true,"href":"https:\/\/up.lublin.pl\/agrobio\/wp-json\/wp\/v2\/users\/207"}],"replies":[{"embeddable":true,"href":"https:\/\/up.lublin.pl\/agrobio\/wp-json\/wp\/v2\/comments?post=143213"}],"version-history":[{"count":4,"href":"https:\/\/up.lublin.pl\/agrobio\/wp-json\/wp\/v2\/posts\/143213\/revisions"}],"predecessor-version":[{"id":143221,"href":"https:\/\/up.lublin.pl\/agrobio\/wp-json\/wp\/v2\/posts\/143213\/revisions\/143221"}],"wp:attachment":[{"href":"https:\/\/up.lublin.pl\/agrobio\/wp-json\/wp\/v2\/media?parent=143213"}],"wp:term":[{"taxonomy":"category","embeddable":true,"href":"https:\/\/up.lublin.pl\/agrobio\/wp-json\/wp\/v2\/categories?post=143213"},{"taxonomy":"post_tag","embeddable":true,"href":"https:\/\/up.lublin.pl\/agrobio\/wp-json\/wp\/v2\/tags?post=143213"}],"curies":[{"name":"wp","href":"https:\/\/api.w.org\/{rel}","templated":true}]}}