{"id":142728,"date":"2021-09-23T10:47:09","date_gmt":"2021-09-23T08:47:09","guid":{"rendered":"https:\/\/up.lublin.pl\/agrobio\/?p=142728"},"modified":"2021-09-23T10:47:20","modified_gmt":"2021-09-23T08:47:20","slug":"up-w-lublinie-w-trakcie-xvii-lfn-warsztaty-izolacja-dna-z-roslin","status":"publish","type":"post","link":"https:\/\/up.lublin.pl\/agrobio\/up-w-lublinie-w-trakcie-xvii-lfn-warsztaty-izolacja-dna-z-roslin\/","title":{"rendered":"UP w Lublinie w trakcie XVII LFN: warsztaty &#8220;Izolacja DNA z ro\u015blin&#8221;"},"content":{"rendered":"\t\t<div data-elementor-type=\"wp-post\" data-elementor-id=\"142728\" class=\"elementor elementor-142728\" data-elementor-settings=\"[]\">\n\t\t\t\t\t\t<div class=\"elementor-inner\">\n\t\t\t\t\t\t\t<div class=\"elementor-section-wrap\">\n\t\t\t\t\t\t\t<section class=\"elementor-section elementor-top-section elementor-element elementor-element-80179b8 elementor-section-boxed elementor-section-height-default elementor-section-height-default\" data-id=\"80179b8\" data-element_type=\"section\">\n\t\t\t\t\t\t<div class=\"elementor-container elementor-column-gap-default\">\n\t\t\t\t\t\t\t<div class=\"elementor-row\">\n\t\t\t\t\t<div class=\"elementor-column elementor-col-100 elementor-top-column elementor-element elementor-element-f262c9f\" data-id=\"f262c9f\" data-element_type=\"column\">\n\t\t\t<div class=\"elementor-column-wrap elementor-element-populated\">\n\t\t\t\t\t\t\t<div class=\"elementor-widget-wrap\">\n\t\t\t\t\t\t<div class=\"elementor-element elementor-element-b72270c elementor-widget elementor-widget-m5c\" data-id=\"b72270c\" data-element_type=\"widget\" data-widget_type=\"m5c.default\">\n\t\t\t\t<div class=\"elementor-widget-container\">\n\t\t\t<section class=\"mn-m5-c mn-m5-d2 mn-bg-white\">\n\t<div class=\"mn-grid\">\n\t\t\t\t<div class=\"mn-content mn-grid-9\">\n\t\t\t                <div class=\"mn-content-block active\">\n\t                                                        <div class=\"block-text\">\n\t                                        <p>W ramach XVII Lubelskiego Festiwalu Nauki uczniowie VIII klasy ze Szko\u0142y Podstawowej w&nbsp;Niezdowie uczestniczyli w&nbsp;projekcie &#8220;Izolacja DNA z&nbsp;ro\u015blin&#8221; przygotowanym przez pracownik\u00f3w Instytutu Genetyki, Hodowli i&nbsp;Biotechnologii Ro\u015blin: dr <strong>Magdalen\u0119 Sozoniuk<\/strong> oraz dr <strong>Justyn\u0119 Le\u015bniowska-Nowak<\/strong>.<\/p>\n<p>Uczniowie mieli okazj\u0119 samodzielnie przej\u015b\u0107 przez ca\u0142\u0105 procedur\u0119 laboratoryjn\u0105, zaczynaj\u0105c od roztarcia tkanki ro\u015blinnej zamro\u017conej w&nbsp;ciek\u0142ym azocie, a&nbsp;ko\u0144cz\u0105c na przygotowaniu wyizolowanych preparat\u00f3w DNA do przechowywania.<\/p>\n<p><a href=\"https:\/\/up.lublin.pl\/wp-content\/uploads\/2021\/09\/izolacjadna1.jpg\"><img loading=\"lazy\" class=\"aligncenter size-full wp-image-194718\" src=\"https:\/\/up.lublin.pl\/wp-content\/uploads\/2021\/09\/izolacjadna1.jpg\" alt=\"\" width=\"828\" height=\"996\" \/><\/a><\/p>\n<p>W mi\u0119dzyczasie zapoznali si\u0119 z&nbsp;podstawami obs\u0142ugi pipet automatycznych oraz wir\u00f3wki laboratoryjnej, kt\u00f3re s\u0105 niezb\u0119dne do przeprowadzenia izolacji. Uczniowie wykonali ekstrakcj\u0119 DNA z&nbsp;sze\u015bciu pr\u00f3bek ro\u015blinnych. Uczestnicy wykazali si\u0119 du\u017cym zaanga\u017cowaniem i&nbsp;zainteresowaniem. Nie brakowa\u0142o ch\u0119tnych do wykonywania poszczeg\u00f3lnych krok\u00f3w procedury.<\/p>\n<p><a href=\"https:\/\/up.lublin.pl\/wp-content\/uploads\/2021\/09\/izolacjadna2a.jpg\"><img loading=\"lazy\" class=\"aligncenter size-full wp-image-194722\" src=\"https:\/\/up.lublin.pl\/wp-content\/uploads\/2021\/09\/izolacjadna2a.jpg\" alt=\"\" width=\"844\" height=\"996\" \/><\/a><\/p>\n<p>Przeprowadzony eksperyment zako\u0144czy\u0142 si\u0119 sukcesem w\u00a0postaci DNA widocznego na dnie pr\u00f3b\u00f3wek bia\u0142ego osadu. Po zako\u0144czonych zaj\u0119ciach uczniowie zabrali ze sob\u0105 prob\u00f3wki z&nbsp;preparatami, by m\u00f3c pochwali\u0107 si\u0119 nimi w&nbsp;szkole i&nbsp;w domu. \u00a0<\/p>\n                                        <\/div>\n\t\t\t\t\t\t                                <\/div>\n\t\t\t\t                <div class=\"mn-content-block\">\n\t                                <\/div>\n\t\t\t\t                <div class=\"mn-content-block\">\n\t                                <\/div>\n\t\t\t\t                <div class=\"mn-content-block\">\n\t                                <\/div>\n\t\t\t\t                <div class=\"mn-content-block\">\n\t                                <\/div>\n\t\t\t\t                <div class=\"mn-content-block\">\n\t                                <\/div>\n\t\t\t\t                <div class=\"mn-content-block\">\n\t                                <\/div>\n\t\t\t\t                <div class=\"mn-content-block\">\n\t                                <\/div>\n\t\t\t\t                <div class=\"mn-content-block\">\n\t                                <\/div>\n\t\t\t\t                <div class=\"mn-content-block\">\n\t                                <\/div>\n\t\t\t\t                <div class=\"mn-content-block\">\n\t                                <\/div>\n\t\t\t\t                <div class=\"mn-content-block\">\n\t                                <\/div>\n\t\t\t\t                <div class=\"mn-content-block\">\n\t                                <\/div>\n\t\t\t\t                <div class=\"mn-content-block\">\n\t                                <\/div>\n\t\t\t\t                <div class=\"mn-content-block\">\n\t                                <\/div>\n\t\t\t\t                <div class=\"mn-content-block\">\n\t                                <\/div>\n\t\t\t\t                <div class=\"mn-content-block\">\n\t                                <\/div>\n\t\t\t\t                <div class=\"mn-content-block\">\n\t                                <\/div>\n\t\t\t\t                <div class=\"mn-content-block\">\n\t                                <\/div>\n\t\t\t\t                <div class=\"mn-content-block\">\n\t                                <\/div>\n\t\t\t\t\t\t<\/div>\n\t<\/div>\n<\/section>\n\t\t<\/div>\n\t\t\t\t<\/div>\n\t\t\t\t\t\t<\/div>\n\t\t\t\t\t<\/div>\n\t\t<\/div>\n\t\t\t\t\t\t\t\t<\/div>\n\t\t\t\t\t<\/div>\n\t\t<\/section>\n\t\t\t\t\t\t<\/div>\n\t\t\t\t\t\t<\/div>\n\t\t\t\t\t<\/div>\n\t\t","protected":false},"excerpt":{"rendered":"<p>W ramach XVII Lubelskiego Festiwalu Nauki uczniowie VIII klasy ze Szko\u0142y Podstawowej w&nbsp;Niezdowie uczestniczyli w&nbsp;projekcie &#8220;Izolacja DNA z&nbsp;ro\u015blin&#8221; przygotowanym przez pracownik\u00f3w Instytutu Genetyki, Hodowli i&nbsp;Biotechnologii Ro\u015blin: dr Magdalen\u0119 Sozoniuk oraz dr Justyn\u0119 Le\u015bniowska-Nowak. Uczniowie mieli okazj\u0119 samodzielnie przej\u015b\u0107 przez ca\u0142\u0105 procedur\u0119 laboratoryjn\u0105, zaczynaj\u0105c od roztarcia tkanki ro\u015blinnej zamro\u017conej w&nbsp;ciek\u0142ym azocie, a&nbsp;ko\u0144cz\u0105c na przygotowaniu wyizolowanych preparat\u00f3w [&hellip;]<\/p>\n","protected":false},"author":2,"featured_media":0,"comment_status":"closed","ping_status":"closed","sticky":false,"template":"elementor_header_footer","format":"standard","meta":{"_monsterinsights_skip_tracking":false,"_monsterinsights_sitenote_active":false,"_monsterinsights_sitenote_note":"","_monsterinsights_sitenote_category":0},"categories":[12],"tags":[],"_links":{"self":[{"href":"https:\/\/up.lublin.pl\/agrobio\/wp-json\/wp\/v2\/posts\/142728"}],"collection":[{"href":"https:\/\/up.lublin.pl\/agrobio\/wp-json\/wp\/v2\/posts"}],"about":[{"href":"https:\/\/up.lublin.pl\/agrobio\/wp-json\/wp\/v2\/types\/post"}],"author":[{"embeddable":true,"href":"https:\/\/up.lublin.pl\/agrobio\/wp-json\/wp\/v2\/users\/2"}],"replies":[{"embeddable":true,"href":"https:\/\/up.lublin.pl\/agrobio\/wp-json\/wp\/v2\/comments?post=142728"}],"version-history":[{"count":4,"href":"https:\/\/up.lublin.pl\/agrobio\/wp-json\/wp\/v2\/posts\/142728\/revisions"}],"predecessor-version":[{"id":142732,"href":"https:\/\/up.lublin.pl\/agrobio\/wp-json\/wp\/v2\/posts\/142728\/revisions\/142732"}],"wp:attachment":[{"href":"https:\/\/up.lublin.pl\/agrobio\/wp-json\/wp\/v2\/media?parent=142728"}],"wp:term":[{"taxonomy":"category","embeddable":true,"href":"https:\/\/up.lublin.pl\/agrobio\/wp-json\/wp\/v2\/categories?post=142728"},{"taxonomy":"post_tag","embeddable":true,"href":"https:\/\/up.lublin.pl\/agrobio\/wp-json\/wp\/v2\/tags?post=142728"}],"curies":[{"name":"wp","href":"https:\/\/api.w.org\/{rel}","templated":true}]}}