{"id":142421,"date":"2021-09-08T11:23:54","date_gmt":"2021-09-08T09:23:54","guid":{"rendered":"https:\/\/up.lublin.pl\/agrobio\/?p=142421"},"modified":"2021-09-08T11:23:54","modified_gmt":"2021-09-08T09:23:54","slug":"zmarl-profesor-karol-bujak","status":"publish","type":"post","link":"https:\/\/up.lublin.pl\/agrobio\/zmarl-profesor-karol-bujak\/","title":{"rendered":"Zmar\u0142 Profesor Karol Bujak"},"content":{"rendered":"<p><img loading=\"lazy\" class=\"aligncenter wp-image-142428\" src=\"https:\/\/up.lublin.pl\/agrobio\/wp-content\/uploads\/sites\/2\/2021\/09\/zaloba.jpg\" alt=\"\" width=\"150\" height=\"86\" \/><\/p>\n<p>&nbsp;<\/p>\n<p style=\"text-align: center\">Z g\u0142\u0119bokim \u017calem zawiadamiamy,<br \/>\n\u017ce 7 wrze\u015bnia 2021 r. zmar\u0142<\/p>\n<p>&nbsp;<\/p>\n<p style=\"text-align: center\">\u015a.P.<\/p>\n<p>&nbsp;<\/p>\n<p style=\"text-align: center\"><span style=\"font-size: 20px\"><strong>Prof. dr hab. Karol Bujak<\/strong><\/span><\/p>\n<p>&nbsp;<\/p>\n<p style=\"text-align: center\">Nauczyciel akademicki, d\u0142ugoletni pracownik naukowy<br \/>\nKatedry Herbologii i Technik Uprawy Ro\u015blin Uniwersytetu Przyrodniczego w Lublinie<\/p>\n<p>&nbsp;<\/p>\n<p style=\"text-align: center\">Za sw\u0105 dzia\u0142alno\u015b\u0107 Pan Profesor zosta\u0142 uhonorowany Medalem Komisji Edukacji Narodowej,<br \/>\nZ\u0142otym Krzy\u017cem Zas\u0142ugi, Z\u0142otym Medalem za D\u0142ugoletni\u0105 S\u0142u\u017cb\u0119 oraz wieloma innymi wyr\u00f3\u017cnieniami naukowymi i honorowymi.<\/p>\n<p style=\"text-align: center\">\n<p>&nbsp;<\/p>\n<p style=\"text-align: center\">Odszed\u0142 uznany naukowiec, ceniony i\u00a0szanowany nauczyciel akademicki,<\/p>\n<p style=\"text-align: center\">wychowawca wielu pokole\u0144 student\u00f3w i pracownik\u00f3w nauki,<\/p>\n<p style=\"text-align: center\">wspania\u0142y i \u017cyczliwy cz\u0142owiek.<\/p>\n<p>&nbsp;<\/p>\n<p style=\"text-align: center\">***<\/p>\n<p>&nbsp;<\/p>\n<p style=\"text-align: center\">Wyrazy g\u0142\u0119bokiego wsp\u00f3\u0142czucia Rodzinie i\u00a0najbli\u017cszym Zmar\u0142ego sk\u0142adaj\u0105<br \/>\nRektor i\u00a0Senat Uniwersytetu Przyrodniczego w\u00a0Lublinie,<br \/>\nDziekan, Rada Dyscypliny Rolnictwa i Ogrodnictwa,<br \/>\nKolegium Dzieka\u0144skie Wydzia\u0142u Agrobioin\u017cynierii,<br \/>\npracownicy i studenci Uniwersytetu Przyrodniczego w Lublinie.<\/p>\n<p>&nbsp;<\/p>\n<p style=\"text-align: center\">Uroczysto\u015bci pogrzebowe odb\u0119d\u0105 si\u0119 <strong>10 wrze\u015bnia 2021 r.<\/strong><\/p>\n<p style=\"text-align: center\">Msza \u015bw. o godzinie 13.00 w Ko\u015bciele Parafialnym w Sita\u0144cu k. Zamo\u015bcia,<br \/>\npogrzeb na Cmentarzu Parafialnym w Sita\u0144cu.<\/p>\n<p>&nbsp;<\/p>\n","protected":false},"excerpt":{"rendered":"<p>&nbsp; Z g\u0142\u0119bokim \u017calem zawiadamiamy, \u017ce 7 wrze\u015bnia 2021 r. zmar\u0142 &nbsp; \u015a.P. &nbsp; Prof. dr hab. Karol Bujak &nbsp; Nauczyciel akademicki, d\u0142ugoletni pracownik naukowy Katedry Herbologii i Technik Uprawy Ro\u015blin Uniwersytetu Przyrodniczego w Lublinie &nbsp; Za sw\u0105 dzia\u0142alno\u015b\u0107 Pan Profesor zosta\u0142 uhonorowany Medalem Komisji Edukacji Narodowej, Z\u0142otym Krzy\u017cem Zas\u0142ugi, Z\u0142otym Medalem za D\u0142ugoletni\u0105 S\u0142u\u017cb\u0119 [&hellip;]<\/p>\n","protected":false},"author":207,"featured_media":0,"comment_status":"closed","ping_status":"closed","sticky":false,"template":"","format":"standard","meta":{"_monsterinsights_skip_tracking":false,"_monsterinsights_sitenote_active":false,"_monsterinsights_sitenote_note":"","_monsterinsights_sitenote_category":0},"categories":[12],"tags":[],"_links":{"self":[{"href":"https:\/\/up.lublin.pl\/agrobio\/wp-json\/wp\/v2\/posts\/142421"}],"collection":[{"href":"https:\/\/up.lublin.pl\/agrobio\/wp-json\/wp\/v2\/posts"}],"about":[{"href":"https:\/\/up.lublin.pl\/agrobio\/wp-json\/wp\/v2\/types\/post"}],"author":[{"embeddable":true,"href":"https:\/\/up.lublin.pl\/agrobio\/wp-json\/wp\/v2\/users\/207"}],"replies":[{"embeddable":true,"href":"https:\/\/up.lublin.pl\/agrobio\/wp-json\/wp\/v2\/comments?post=142421"}],"version-history":[{"count":9,"href":"https:\/\/up.lublin.pl\/agrobio\/wp-json\/wp\/v2\/posts\/142421\/revisions"}],"predecessor-version":[{"id":142438,"href":"https:\/\/up.lublin.pl\/agrobio\/wp-json\/wp\/v2\/posts\/142421\/revisions\/142438"}],"wp:attachment":[{"href":"https:\/\/up.lublin.pl\/agrobio\/wp-json\/wp\/v2\/media?parent=142421"}],"wp:term":[{"taxonomy":"category","embeddable":true,"href":"https:\/\/up.lublin.pl\/agrobio\/wp-json\/wp\/v2\/categories?post=142421"},{"taxonomy":"post_tag","embeddable":true,"href":"https:\/\/up.lublin.pl\/agrobio\/wp-json\/wp\/v2\/tags?post=142421"}],"curies":[{"name":"wp","href":"https:\/\/api.w.org\/{rel}","templated":true}]}}