{"id":1377,"date":"2015-03-26T09:13:22","date_gmt":"2015-03-26T08:13:22","guid":{"rendered":"http:\/\/up.lublin.pl\/blog\/6473\/"},"modified":"2022-10-25T14:36:08","modified_gmt":"2022-10-25T12:36:08","slug":"64730","status":"publish","type":"post","link":"https:\/\/up.lublin.pl\/agrobio\/64730\/","title":{"rendered":"W wieku 79 lat zmar\u0142 dr Krzysztof Liniewicz"},"content":{"rendered":"<p style=\"text-align: center\"><img loading=\"lazy\" width=\"150\" height=\"112\" alt=\"\" src=\"\/files\/images\/navig\/zaloba-krzyz.jpg\" \/><\/p>\n<p style=\"text-align: center\">&nbsp;<\/p>\n<p style=\"text-align: center\">Z g\u0142\u0119bokim \u017calem zawiadamiamy, \u017ce w dniu 12 marca 2015 r. <br \/>\n<strong>zmar\u0142 w wieku 79 lat <\/strong><br \/>\n<span style=\"font-size:170%\">dr Krzysztof Liniewicz<br \/>\n<\/span> emerytowany adiunkt Katedry Agrometeorologii Wydzia\u0142u Agrobioin\u017cynierii  <br \/>\nUniwersytetu Przyrodniczego w Lublinie.<\/p>\n<p>\nCz\u0142onek: Komisji Agrometeorologii i Klimatologii Stosowanej  Oddzia\u0142u PAN<br \/>\nw Lublinie, Polskiego Towarzystwa Geofizycznego, Lubelskiego Towarzystwa Naukowego.<\/p>\n<p>***<br \/>\nMsza \u017ca\u0142obna odprawiona zostanie w kaplicy cmentarnej<br \/>\nprzy ul. Lipowej dnia 25 marca 2015 roku o godzinie 12:00.<\/p>\n<p>\nRektor Uniwersytetu Przyrodniczego w Lublinie <br \/>\noraz Dziekan  Wydzia\u0142u Agrobioin\u017cynierii<\/p>\n<p>&nbsp;<\/p>\n","protected":false},"excerpt":{"rendered":"<p>&nbsp; Z g\u0142\u0119bokim \u017calem zawiadamiamy, \u017ce w dniu 12 marca 2015 r. zmar\u0142 w wieku 79 lat dr Krzysztof Liniewicz emerytowany adiunkt Katedry Agrometeorologii Wydzia\u0142u Agrobioin\u017cynierii Uniwersytetu Przyrodniczego w Lublinie. Cz\u0142onek: Komisji Agrometeorologii i Klimatologii Stosowanej Oddzia\u0142u PAN w Lublinie, Polskiego Towarzystwa Geofizycznego, Lubelskiego Towarzystwa Naukowego. *** Msza \u017ca\u0142obna odprawiona zostanie w kaplicy cmentarnej przy [&hellip;]<\/p>\n","protected":false},"author":214,"featured_media":0,"comment_status":"closed","ping_status":"closed","sticky":false,"template":"","format":"standard","meta":{"_monsterinsights_skip_tracking":false,"_monsterinsights_sitenote_active":false,"_monsterinsights_sitenote_note":"","_monsterinsights_sitenote_category":0},"categories":[12],"tags":[],"_links":{"self":[{"href":"https:\/\/up.lublin.pl\/agrobio\/wp-json\/wp\/v2\/posts\/1377"}],"collection":[{"href":"https:\/\/up.lublin.pl\/agrobio\/wp-json\/wp\/v2\/posts"}],"about":[{"href":"https:\/\/up.lublin.pl\/agrobio\/wp-json\/wp\/v2\/types\/post"}],"author":[{"embeddable":true,"href":"https:\/\/up.lublin.pl\/agrobio\/wp-json\/wp\/v2\/users\/214"}],"replies":[{"embeddable":true,"href":"https:\/\/up.lublin.pl\/agrobio\/wp-json\/wp\/v2\/comments?post=1377"}],"version-history":[{"count":1,"href":"https:\/\/up.lublin.pl\/agrobio\/wp-json\/wp\/v2\/posts\/1377\/revisions"}],"predecessor-version":[{"id":148802,"href":"https:\/\/up.lublin.pl\/agrobio\/wp-json\/wp\/v2\/posts\/1377\/revisions\/148802"}],"wp:attachment":[{"href":"https:\/\/up.lublin.pl\/agrobio\/wp-json\/wp\/v2\/media?parent=1377"}],"wp:term":[{"taxonomy":"category","embeddable":true,"href":"https:\/\/up.lublin.pl\/agrobio\/wp-json\/wp\/v2\/categories?post=1377"},{"taxonomy":"post_tag","embeddable":true,"href":"https:\/\/up.lublin.pl\/agrobio\/wp-json\/wp\/v2\/tags?post=1377"}],"curies":[{"name":"wp","href":"https:\/\/api.w.org\/{rel}","templated":true}]}}