{"id":12642,"date":"2019-05-31T11:48:47","date_gmt":"2019-05-31T09:48:47","guid":{"rendered":"http:\/\/up.lublin.pl\/blog\/17952\/"},"modified":"2019-05-31T11:48:47","modified_gmt":"2019-05-31T09:48:47","slug":"17952","status":"publish","type":"post","link":"https:\/\/up.lublin.pl\/agrobio\/17952\/","title":{"rendered":"Konkurs na najlepsz\u0105 prac\u0119 licencjack\u0105 i magistersk\u0105 GPW w Warszawie"},"content":{"rendered":"<div style=\"text-align: justify\">Gie\u0142da Papier&oacute;w Warto\u015bciowych w Warszawie S.A. og\u0142asza kolejn\u0105 edycj\u0119 konkursu o nagrod\u0119 Prezesa Zarz\u0105du GPW na najlepsz\u0105 prac\u0119 magistersk\u0105 i licencjack\u0105 na temat rynku kapita\u0142owego i Pracowniczych Plan&oacute;w Kapita\u0142owych.<\/div>\n<div style=\"text-align: justify\">&nbsp;<\/div>\n<div style=\"text-align: justify\">W Konkursie na prac\u0119 magistersk\u0105 i licencjack\u0105 mog\u0105 wzi\u0105\u0107 udzia\u0142 autorzy prac, na podstawie kt&oacute;rych uzyskali tytu\u0142 zawodowy na terenie Rzeczpospolitej Polskiej w okresie od <strong>1 stycznia 2018 roku<\/strong> do <strong>30 czerwca 2019 roku<\/strong>.<br \/>\nTermin zg\u0142aszania prac up\u0142ywa <strong>30 wrze\u015bnia 2019 r.<\/strong><\/div>\n<div style=\"text-align: justify\">&nbsp;<\/div>\n<div style=\"text-align: justify\">&nbsp;<\/div>\n<div style=\"text-align: justify\">Autorzy najlepszych prac magisterskich otrzymaj\u0105 nast\u0119puj\u0105ce nagrody:<\/div>\n<ul>\n<li><strong>za najlepsz\u0105 prac\u0119 magistersk\u0105<\/strong> &mdash; nagroda pieni\u0119\u017cna w wysoko\u015bci <b>6.000 z\u0142<\/b>;<\/li>\n<li><strong>za dwie kolejne<\/strong>, wyr&oacute;\u017cnione prace magisterskie &mdash; <strong>3.000 z\u0142<\/strong>.<\/li>\n<\/ul>\n<div style=\"text-align: justify\">Autorzy najlepszych prac licencjackich otrzymaj\u0105 nagrody:<\/div>\n<ul>\n<li><strong>za najlepsz\u0105 prac\u0119 licencjack\u0105<\/strong> &mdash; nagroda pieni\u0119\u017cna w wysoko\u015bci <strong>4.000 z\u0142<\/strong>;<\/li>\n<li><strong>za dwie kolejne<\/strong>, wyr&oacute;\u017cnione prace licencjackie &mdash; <strong>2.000<\/strong> z\u0142.<\/li>\n<\/ul>\n<div style=\"text-align: justify\">&nbsp;<\/div>\n<div style=\"text-align: justify\">\nOceny prac dokonuje Kapitu\u0142a Konkursu powo\u0142ana przez Prezesa Zarz\u0105du GPW. Przy ocenie prac pod uwag\u0119 brany jest jej poziom merytoryczny, a w szczeg&oacute;lno\u015bci: oryginalno\u015b\u0107, spos&oacute;b analizy zjawisk zwi\u0105zanych z tematem pracy, zakres zrealizowanych bada\u0144, samodzielno\u015b\u0107 i innowacyjno\u015b\u0107 formu\u0142owanych wniosk&oacute;w, a tak\u017ce dob&oacute;r \u017ar&oacute;de\u0142 bibliograficznych i poprawno\u015b\u0107 j\u0119zykowa. Og\u0142oszenie wynik&oacute;w konkursu nast\u0105pi w IV kwartale roku 2019, kiedy to te\u017c odb\u0119dzie si\u0119 uroczyste wr\u0119czenie nagr&oacute;d wszystkim wyr&oacute;\u017cnionym.<\/div>\n<div style=\"text-align: justify\">&nbsp;<\/div>\n<div style=\"text-align: justify\">&nbsp;<\/div>\n<div style=\"text-align: justify\">Dodatkowe informacje na temat konkursu mo\u017cna uzyska\u0107 pod adresem mailowym: <strong>konkurs@gpw.pl<\/strong><\/div>\n","protected":false},"excerpt":{"rendered":"<p>Gie\u0142da Papier&oacute;w Warto\u015bciowych w Warszawie S.A. og\u0142asza kolejn\u0105 edycj\u0119 konkursu o nagrod\u0119 Prezesa Zarz\u0105du GPW na najlepsz\u0105 prac\u0119 magistersk\u0105 i licencjack\u0105 na temat rynku kapita\u0142owego i Pracowniczych Plan&oacute;w Kapita\u0142owych. &nbsp; W Konkursie na prac\u0119 magistersk\u0105 i licencjack\u0105 mog\u0105 wzi\u0105\u0107 udzia\u0142 autorzy prac, na podstawie kt&oacute;rych uzyskali tytu\u0142 zawodowy na terenie Rzeczpospolitej Polskiej w okresie od [&hellip;]<\/p>\n","protected":false},"author":2,"featured_media":0,"comment_status":"closed","ping_status":"closed","sticky":false,"template":"","format":"standard","meta":{"_monsterinsights_skip_tracking":false,"_monsterinsights_sitenote_active":false,"_monsterinsights_sitenote_note":"","_monsterinsights_sitenote_category":0},"categories":[12],"tags":[],"_links":{"self":[{"href":"https:\/\/up.lublin.pl\/agrobio\/wp-json\/wp\/v2\/posts\/12642"}],"collection":[{"href":"https:\/\/up.lublin.pl\/agrobio\/wp-json\/wp\/v2\/posts"}],"about":[{"href":"https:\/\/up.lublin.pl\/agrobio\/wp-json\/wp\/v2\/types\/post"}],"author":[{"embeddable":true,"href":"https:\/\/up.lublin.pl\/agrobio\/wp-json\/wp\/v2\/users\/2"}],"replies":[{"embeddable":true,"href":"https:\/\/up.lublin.pl\/agrobio\/wp-json\/wp\/v2\/comments?post=12642"}],"version-history":[{"count":0,"href":"https:\/\/up.lublin.pl\/agrobio\/wp-json\/wp\/v2\/posts\/12642\/revisions"}],"wp:attachment":[{"href":"https:\/\/up.lublin.pl\/agrobio\/wp-json\/wp\/v2\/media?parent=12642"}],"wp:term":[{"taxonomy":"category","embeddable":true,"href":"https:\/\/up.lublin.pl\/agrobio\/wp-json\/wp\/v2\/categories?post=12642"},{"taxonomy":"post_tag","embeddable":true,"href":"https:\/\/up.lublin.pl\/agrobio\/wp-json\/wp\/v2\/tags?post=12642"}],"curies":[{"name":"wp","href":"https:\/\/api.w.org\/{rel}","templated":true}]}}