{"id":123786,"date":"2021-04-29T20:34:00","date_gmt":"2021-04-29T18:34:00","guid":{"rendered":"https:\/\/up.lublin.pl\/agrobio\/?p=123786"},"modified":"2021-05-04T16:38:10","modified_gmt":"2021-05-04T14:38:10","slug":"informacja-na-temat-stacjonarnego-prowadzenia-zajec-dydaktycznych-na-wydziale-agrobioinzynierii-w-semestrze-letnim-2020-2021","status":"publish","type":"post","link":"https:\/\/up.lublin.pl\/agrobio\/informacja-na-temat-stacjonarnego-prowadzenia-zajec-dydaktycznych-na-wydziale-agrobioinzynierii-w-semestrze-letnim-2020-2021\/","title":{"rendered":"Informacja na temat stacjonarnego prowadzenia zaj\u0119\u0107 dydaktycznych na Wydziale Agrobioin\u017cynierii w semestrze letnim 2020\/2021 (aktualizacja 04.05.2021)"},"content":{"rendered":"\n<p>Szanowni Pa\u0144stwo Nauczyciele Akademiccy oraz Studenci Wydzia\u0142u Agrobioin\u017cynierii,<\/p>\n\n\n\n<div style=\"height:20px\" aria-hidden=\"true\" class=\"wp-block-spacer\"><\/div>\n\n\n\n<p>W zwi\u0105zku z Zarz\u0105dzeniem JM Rektora nr 18 z dnia 10 lutego 2021r. w sprawie realizacji zaj\u0119\u0107 dydaktycznych w Uniwersytecie Przyrodniczym w Lublinie w semestrze letnim w roku akademickim 2020\/2021, informuj\u0119, \u017ce do ko\u0144ca bie\u017c\u0105cego semestru nie jest planowana realizacja zaj\u0119\u0107 w siedzibie uczelni w formie stacjonarnej.<\/p>\n\n\n\n<div style=\"height:20px\" aria-hidden=\"true\" class=\"wp-block-spacer\"><\/div>\n\n\n\n<p>Wybrane zaj\u0119cia dydaktyczne w formie tradycyjnej w budynkach Uniwersytetu Przyrodniczego w Lublinie (lub\/i zaj\u0119cia terenowe) b\u0119d\u0105 odbywa\u0142y si\u0119 w pe\u0142nym re\u017cimie sanitarnym, zgodnie z wytycznymi GIS oraz \u015arodowiskowymi wytycznymi dotycz\u0105cymi dzia\u0142alno\u015bci uczelni w roku akademickim 2020\/21 w zwi\u0105zku ze stanem epidemii w Polsce. Zaj\u0119cia b\u0119d\u0105 realizowane dla danej grupy student\u00f3w w \u015bci\u015ble okre\u015blonych w za\u0142\u0105czonym harmonogramie terminach od dnia 15 maja 2021 (studia niestacjonarne oraz studia podyplomowe \u2018Diagnostyka molekularna\u2019) lub 24 maja 2021 (studia stacjonarne).<\/p>\n\n\n\n<div style=\"height:20px\" aria-hidden=\"true\" class=\"wp-block-spacer\"><\/div>\n\n\n\n<p>W przypadku dodatkowego podzia\u0142u grup studenckich na mniejsze, ich dok\u0142adny sk\u0142ad osobowy nale\u017cy uzgodni\u0107 z prowadz\u0105cym przedmiot. Pozosta\u0142e zaj\u0119cia odbywaj\u0105ce si\u0119 tego samego dnia co zaplanowane w harmonogramie w formie stacjonarnej, lecz nie zg\u0142oszone przez prowadz\u0105cego do przeprowadzenia w formie tradycyjnej odb\u0119d\u0105 si\u0119 w innym terminie (dat\u0119 i godzin\u0119 ich odrobienia nale\u017cy indywidualnie uzgodni\u0107 z osobami prowadz\u0105cymi poszczeg\u00f3lne modu\u0142y).<\/p>\n\n\n\n<div style=\"height:20px\" aria-hidden=\"true\" class=\"wp-block-spacer\"><\/div>\n\n\n\n<p>Studenci proszeni s\u0105 o bezwzgl\u0119dne zachowanie re\u017cimu sanitarnego i dystansu spo\u0142ecznego przy przemieszczaniu si\u0119 do budynk\u00f3w Uczelni oraz w przerwach mi\u0119dzy zaj\u0119ciami dydaktycznymi.<\/p>\n\n\n\n<div style=\"height:20px\" aria-hidden=\"true\" class=\"wp-block-spacer\"><\/div>\n\n\n\n<p>Studenci, kt\u00f3rzy chcieliby skorzysta\u0107 z zakwaterowania w domach studenckich mog\u0105 si\u0119 kontaktowa\u0107 z Biurem Dom\u00f3w Studenckich nr tel. 81&nbsp;441-14-80, 81&nbsp;441-14-91.<\/p>\n\n\n\n<div style=\"height:20px\" aria-hidden=\"true\" class=\"wp-block-spacer\"><\/div>\n\n\n\n<p>Uprzejmie prosz\u0119 o \u015bledzenie na bie\u017c\u0105co informacji ukazuj\u0105cych si\u0119 na stronie internetowej Wydzia\u0142u.<\/p>\n\n\n\n<div style=\"height:20px\" aria-hidden=\"true\" class=\"wp-block-spacer\"><\/div>\n\n\n\n<p><a href=\"https:\/\/up.lublin.pl\/agrobio\/wp-content\/uploads\/sites\/2\/2021\/05\/ZAKTUALIZOWANY-SZCZEGOLOWY-ROZKLAD-ZAJEC-W-FORMIE-STACJONARNEJ-SEMESTR-LETNI-2020_2021-Wydz.-Agrobioinzynierii.pdf\">SZCZEG\u00d3\u0141OWY ROZK\u0141AD ZAJ\u0118\u0106 W FORMIE STACJONARNEJ SEMESTR LETNI 2020\/2021 na Wydziale Agrobioin\u017cynierii.<\/a>  &#8211; <strong>aktualizacja 04.05.2021 r.<\/strong> (zmiany w dokumencie naniesiono kolorem czerwonym)<\/p>\n\n\n\n<div style=\"height:20px\" aria-hidden=\"true\" class=\"wp-block-spacer\"><\/div>\n\n\n\n<p class=\"has-text-align-right\">Z powa\u017caniem,<\/p>\n\n\n\n<p class=\"has-text-align-right\">&nbsp;Dziekan Wydzia\u0142u Agrobioin\u017cynierii<\/p>\n\n\n\n<p class=\"has-text-align-right\">&nbsp;prof. dr hab. Barbara Ko\u0142odziej<\/p>\n","protected":false},"excerpt":{"rendered":"<p>Szanowni Pa\u0144stwo Nauczyciele Akademiccy oraz Studenci Wydzia\u0142u Agrobioin\u017cynierii, W zwi\u0105zku z Zarz\u0105dzeniem JM Rektora nr 18 z dnia 10 lutego 2021r. w sprawie realizacji zaj\u0119\u0107 dydaktycznych w Uniwersytecie Przyrodniczym w Lublinie w semestrze letnim w roku akademickim 2020\/2021, informuj\u0119, \u017ce do ko\u0144ca bie\u017c\u0105cego semestru nie jest planowana realizacja zaj\u0119\u0107 w siedzibie uczelni w formie stacjonarnej. [&hellip;]<\/p>\n","protected":false},"author":207,"featured_media":0,"comment_status":"closed","ping_status":"closed","sticky":false,"template":"","format":"standard","meta":{"_monsterinsights_skip_tracking":false,"_monsterinsights_sitenote_active":false,"_monsterinsights_sitenote_note":"","_monsterinsights_sitenote_category":0},"categories":[12],"tags":[],"_links":{"self":[{"href":"https:\/\/up.lublin.pl\/agrobio\/wp-json\/wp\/v2\/posts\/123786"}],"collection":[{"href":"https:\/\/up.lublin.pl\/agrobio\/wp-json\/wp\/v2\/posts"}],"about":[{"href":"https:\/\/up.lublin.pl\/agrobio\/wp-json\/wp\/v2\/types\/post"}],"author":[{"embeddable":true,"href":"https:\/\/up.lublin.pl\/agrobio\/wp-json\/wp\/v2\/users\/207"}],"replies":[{"embeddable":true,"href":"https:\/\/up.lublin.pl\/agrobio\/wp-json\/wp\/v2\/comments?post=123786"}],"version-history":[{"count":10,"href":"https:\/\/up.lublin.pl\/agrobio\/wp-json\/wp\/v2\/posts\/123786\/revisions"}],"predecessor-version":[{"id":140157,"href":"https:\/\/up.lublin.pl\/agrobio\/wp-json\/wp\/v2\/posts\/123786\/revisions\/140157"}],"wp:attachment":[{"href":"https:\/\/up.lublin.pl\/agrobio\/wp-json\/wp\/v2\/media?parent=123786"}],"wp:term":[{"taxonomy":"category","embeddable":true,"href":"https:\/\/up.lublin.pl\/agrobio\/wp-json\/wp\/v2\/categories?post=123786"},{"taxonomy":"post_tag","embeddable":true,"href":"https:\/\/up.lublin.pl\/agrobio\/wp-json\/wp\/v2\/tags?post=123786"}],"curies":[{"name":"wp","href":"https:\/\/api.w.org\/{rel}","templated":true}]}}