{"id":123784,"date":"2021-03-10T19:27:00","date_gmt":"2021-03-10T18:27:00","guid":{"rendered":"https:\/\/up.lublin.pl\/agrobio\/?p=123784"},"modified":"2021-04-17T19:28:16","modified_gmt":"2021-04-17T17:28:16","slug":"publiczna-dyskusja-nad-rozprawa-doktorska-mgr-elzbiety-urszuli-zawieruchy","status":"publish","type":"post","link":"https:\/\/up.lublin.pl\/agrobio\/publiczna-dyskusja-nad-rozprawa-doktorska-mgr-elzbiety-urszuli-zawieruchy\/","title":{"rendered":"Publiczna dyskusja nad rozpraw\u0105 doktorsk\u0105 mgr El\u017cbiety Urszuli Zawieruchy"},"content":{"rendered":"\n<p><a href=\"https:\/\/www.up.lublin.pl\/files\/agrobio\/przewody-doktorskie\/Zawierucha\/zawiadomienie_o_obronie_zawierucha.pdf\" target=\"_blank\" rel=\"noreferrer noopener\">Publiczna dyskusja nad rozpraw\u0105 doktorsk\u0105 <strong>mgr El\u017cbiet Urszuli Zawieruchy<\/strong> w dyscyplinie: rolnictwo i ogrodnictwo.<\/a><\/p>\n\n\n\n<p><a href=\"https:\/\/www.up.lublin.pl\/files\/agrobio\/przewody-doktorskie\/Zawierucha\/zawiadomienie_o_obronie_zawierucha.pdf\" target=\"_blank\" rel=\"noreferrer noopener\">Tytu\u0142 rozprawy doktorskiej: <strong>\u201eZr\u00f3\u017cnicowanie w\u0142a\u015bciwo\u015bci chemicznych i biologicznych gleb uprawnych po\u0142o\u017conych wzd\u0142u\u017c tras komunikacyjnych\u201d.<\/strong><\/a><\/p>\n","protected":false},"excerpt":{"rendered":"<p>Publiczna dyskusja nad rozpraw\u0105 doktorsk\u0105 mgr El\u017cbiet Urszuli Zawieruchy w dyscyplinie: rolnictwo i ogrodnictwo. Tytu\u0142 rozprawy doktorskiej: \u201eZr\u00f3\u017cnicowanie w\u0142a\u015bciwo\u015bci chemicznych i biologicznych gleb uprawnych po\u0142o\u017conych wzd\u0142u\u017c tras komunikacyjnych\u201d.<\/p>\n","protected":false},"author":2,"featured_media":0,"comment_status":"closed","ping_status":"closed","sticky":false,"template":"","format":"standard","meta":{"_monsterinsights_skip_tracking":false,"_monsterinsights_sitenote_active":false,"_monsterinsights_sitenote_note":"","_monsterinsights_sitenote_category":0},"categories":[12],"tags":[],"_links":{"self":[{"href":"https:\/\/up.lublin.pl\/agrobio\/wp-json\/wp\/v2\/posts\/123784"}],"collection":[{"href":"https:\/\/up.lublin.pl\/agrobio\/wp-json\/wp\/v2\/posts"}],"about":[{"href":"https:\/\/up.lublin.pl\/agrobio\/wp-json\/wp\/v2\/types\/post"}],"author":[{"embeddable":true,"href":"https:\/\/up.lublin.pl\/agrobio\/wp-json\/wp\/v2\/users\/2"}],"replies":[{"embeddable":true,"href":"https:\/\/up.lublin.pl\/agrobio\/wp-json\/wp\/v2\/comments?post=123784"}],"version-history":[{"count":1,"href":"https:\/\/up.lublin.pl\/agrobio\/wp-json\/wp\/v2\/posts\/123784\/revisions"}],"predecessor-version":[{"id":123785,"href":"https:\/\/up.lublin.pl\/agrobio\/wp-json\/wp\/v2\/posts\/123784\/revisions\/123785"}],"wp:attachment":[{"href":"https:\/\/up.lublin.pl\/agrobio\/wp-json\/wp\/v2\/media?parent=123784"}],"wp:term":[{"taxonomy":"category","embeddable":true,"href":"https:\/\/up.lublin.pl\/agrobio\/wp-json\/wp\/v2\/categories?post=123784"},{"taxonomy":"post_tag","embeddable":true,"href":"https:\/\/up.lublin.pl\/agrobio\/wp-json\/wp\/v2\/tags?post=123784"}],"curies":[{"name":"wp","href":"https:\/\/api.w.org\/{rel}","templated":true}]}}