{"id":123780,"date":"2021-03-12T19:26:00","date_gmt":"2021-03-12T18:26:00","guid":{"rendered":"https:\/\/up.lublin.pl\/agrobio\/?p=123780"},"modified":"2021-04-17T19:26:57","modified_gmt":"2021-04-17T17:26:57","slug":"ankieta-postawy-mlodych-konsumentow-wobec-zjawiska-marnotrawienia-zywnosci-i-foodsharingu","status":"publish","type":"post","link":"https:\/\/up.lublin.pl\/agrobio\/ankieta-postawy-mlodych-konsumentow-wobec-zjawiska-marnotrawienia-zywnosci-i-foodsharingu\/","title":{"rendered":"Ankieta &#8211; &#8220;Postawy m\u0142odych konsument\u00f3w wobec zjawiska marnotrawienia \u017cywno\u015bci i foodsharingu&#8221;"},"content":{"rendered":"\n<p><strong><em>Szanowni Pa\u0144stwo,<\/em><\/strong><\/p>\n\n\n\n<p><strong><em>Studentki i Studenci Uniwersytetu Przyrodniczego w Lublinie<\/em><\/strong><\/p>\n\n\n\n<p>Zapraszam Pa\u0144stwa do wzi\u0119cia udzia\u0142u w badaniu naukowym, kt\u00f3rego celem jest rozpoznanie postaw m\u0142odych konsument\u00f3w wobec dw\u00f3ch bardzo wa\u017cnych zjawisk spo\u0142ecznych, jakimi s\u0105 marnotrawienie \u017cywno\u015bci oraz dzielenie si\u0119 \u017cywno\u015bci\u0105, okre\u015blane mianem \u201efoodsharing\u201d.<\/p>\n\n\n\n<p>Mam nadziej\u0119, i\u017c zechc\u0105 Pa\u0144stwo mi pom\u00f3c i podzieli\u0107 si\u0119 swoimi opiniami na ten temat. To w\u0142a\u015bnie dzi\u0119ki takim wsp\u00f3lnym inicjatywom, my naukowcy, mo\u017cemy poszerza\u0107 swoj\u0105 wiedz\u0119, by nast\u0119pnie przekazywa\u0107 j\u0105 Pa\u0144stwu podczas wyk\u0142ad\u00f3w lub seminari\u00f3w dyplomowych.<\/p>\n\n\n\n<p>Badanie jest dobrowolne i anonimowe i nie zabierze Pa\u0144stwu wi\u0119cej czasu ni\u017c 6-7 minut. Uprzejmie prosz\u0119 o otwarcie linku z za\u0142\u0105czonym kwestionariuszem.<\/p>\n\n\n\n<p><strong><em>Z g\u00f3ry dzi\u0119kuj\u0119 za Pa\u0144stwa udzia\u0142 w badaniu<\/em><\/strong><\/p>\n\n\n\n<p><em>Dr hab. Eugenia Czernyszewicz prof. uczelni<\/em><\/p>\n\n\n\n<p><em>Katedra Zarz\u0105dzania i Marketingu<\/em><\/p>\n\n\n\n<p><a href=\"https:\/\/forms.office.com\/Pages\/ResponsePage.aspx?id=HLKj2lICKUm8ZlqzHoIn4UTRiAfKHZdKvWBkWeVcroZUQUNLUDM3OU4yOU1XMVVCWldFVjc4WkZVVy4u\" target=\"_blank\" rel=\"noreferrer noopener\"><em>Link do formularza<\/em><\/a><\/p>\n","protected":false},"excerpt":{"rendered":"<p>Szanowni Pa\u0144stwo, Studentki i Studenci Uniwersytetu Przyrodniczego w Lublinie Zapraszam Pa\u0144stwa do wzi\u0119cia udzia\u0142u w badaniu naukowym, kt\u00f3rego celem jest rozpoznanie postaw m\u0142odych konsument\u00f3w wobec dw\u00f3ch bardzo wa\u017cnych zjawisk spo\u0142ecznych, jakimi s\u0105 marnotrawienie \u017cywno\u015bci oraz dzielenie si\u0119 \u017cywno\u015bci\u0105, okre\u015blane mianem \u201efoodsharing\u201d. Mam nadziej\u0119, i\u017c zechc\u0105 Pa\u0144stwo mi pom\u00f3c i podzieli\u0107 si\u0119 swoimi opiniami na ten [&hellip;]<\/p>\n","protected":false},"author":2,"featured_media":0,"comment_status":"closed","ping_status":"closed","sticky":false,"template":"","format":"standard","meta":{"_monsterinsights_skip_tracking":false,"_monsterinsights_sitenote_active":false,"_monsterinsights_sitenote_note":"","_monsterinsights_sitenote_category":0},"categories":[12],"tags":[],"_links":{"self":[{"href":"https:\/\/up.lublin.pl\/agrobio\/wp-json\/wp\/v2\/posts\/123780"}],"collection":[{"href":"https:\/\/up.lublin.pl\/agrobio\/wp-json\/wp\/v2\/posts"}],"about":[{"href":"https:\/\/up.lublin.pl\/agrobio\/wp-json\/wp\/v2\/types\/post"}],"author":[{"embeddable":true,"href":"https:\/\/up.lublin.pl\/agrobio\/wp-json\/wp\/v2\/users\/2"}],"replies":[{"embeddable":true,"href":"https:\/\/up.lublin.pl\/agrobio\/wp-json\/wp\/v2\/comments?post=123780"}],"version-history":[{"count":1,"href":"https:\/\/up.lublin.pl\/agrobio\/wp-json\/wp\/v2\/posts\/123780\/revisions"}],"predecessor-version":[{"id":123781,"href":"https:\/\/up.lublin.pl\/agrobio\/wp-json\/wp\/v2\/posts\/123780\/revisions\/123781"}],"wp:attachment":[{"href":"https:\/\/up.lublin.pl\/agrobio\/wp-json\/wp\/v2\/media?parent=123780"}],"wp:term":[{"taxonomy":"category","embeddable":true,"href":"https:\/\/up.lublin.pl\/agrobio\/wp-json\/wp\/v2\/categories?post=123780"},{"taxonomy":"post_tag","embeddable":true,"href":"https:\/\/up.lublin.pl\/agrobio\/wp-json\/wp\/v2\/tags?post=123780"}],"curies":[{"name":"wp","href":"https:\/\/api.w.org\/{rel}","templated":true}]}}