{"id":123639,"date":"2021-02-08T12:39:30","date_gmt":"2021-02-08T11:39:30","guid":{"rendered":"https:\/\/up.lublin.pl\/blog\/22173\/"},"modified":"2021-02-08T12:39:30","modified_gmt":"2021-02-08T11:39:30","slug":"22173","status":"publish","type":"post","link":"https:\/\/up.lublin.pl\/agrobio\/22173\/","title":{"rendered":"II edycja Wielkiej Lekcji In\u017cynierii \u015arodowiska"},"content":{"rendered":"<p style=\"text-align: justify\">W dniu <strong>05.02.2021 r.<\/strong> na Uniwersytecie Przyrodniczym w Lublinie, w formie online odby\u0142a si\u0119 <strong>II edycja Wielkiej Lekcji<\/strong> <strong>In\u017cynierii \u015arodowiska.<\/strong> Organizatorem spotkania by\u0142 zesp&oacute;\u0142 pracownik&oacute;w z Wydzia\u0142u In\u017cynierii Produkcji i Wydzia\u0142u Agrobioin\u017cynierii Uniwersytetu Przyrodniczego w Lublinie pod kierunkiem prof. dr hab. <strong>Krzysztofa J&oacute;\u017awiakowskiego.<\/strong><\/p>\n<div style=\"text-align: justify\">&nbsp;&nbsp;<\/div>\n<div style=\"text-align: justify\"><img loading=\"lazy\" src=\"\/files\/images\/wk\/media\/zrzut_ekranu_(44).png\" alt=\"\" width=\"670\" height=\"466\" \/><\/div>\n<div style=\"text-align: justify\">&nbsp;<\/div>\n<div style=\"text-align: justify\">Wielk\u0105 Lekcj\u0119 In\u017cynierii \u015arodowiska otworzy\u0142a dr hab. <strong>Urszula Kosior-Korzecka<\/strong>, prof. uczelni &#8211; Prorektor Ds. Studenckich i Dydaktyki. Nast\u0119pnie przedstawiono ofert\u0119 edukacyjn\u0105 Uniwersytetu Przyrodniczego w Lublinie, a szczeg&oacute;lnie dotycz\u0105ca kierunku In\u017cynieria \u015arodowiska, realizowanego na Wydziale In\u017cynierii Produkcji. W ramach Wielkiej Lekcji In\u017cynierii \u015arodowiska przedstawiono 9 wyk\u0142ad&oacute;w z zakresu gospodarki wodno-\u015bciekowej, odnawialnych \u017ar&oacute;de\u0142 energii oraz gospodarki odpadami.<\/div>\n<div style=\"text-align: justify\">&nbsp;<\/div>\n<div style=\"text-align: justify\">W sumie w II edycji Wielkiej Lekcji In\u017cynierii \u015arodowiska udzia\u0142 wzi\u0119li uczniowie i nauczyciele z 11 szk&oacute;\u0142&nbsp;z terenu woj. lubelskiego, podkarpackiego oraz \u015bwi\u0119tokrzyskiego, takich jak: Publiczne Katolickie Liceum Og&oacute;lnokszta\u0142c\u0105ce Parafii pw. Bo\u017cego Cia\u0142a w Jaros\u0142awiu, Zesp&oacute;\u0142 Szk&oacute;\u0142 nr 1 w \u0141ukowie, Zesp&oacute;\u0142 Szk&oacute;\u0142 &#8211; Centrum Kszta\u0142cenia Rolniczego im. Boles\u0142awa Chrobrego w Chrobrzu,, Zesp&oacute;\u0142 Szk&oacute;\u0142 Nr1 w Rzeszowie, VI LO im. J. S\u0142owackiego w Kielcach, ZSO I LO im. J. I. Kraszewskiego w Bia\u0142ej Podlaskiej, Liceum Og&oacute;lnokszta\u0142c\u0105ce im Tadeusza Ko\u015bciuszki w Lubaczowie, Liceum Og&oacute;lnokszta\u0142c\u0105ce im. Tadeusza Ko\u015bciuszki w Ropczycach, Pa\u0144stwowe Szko\u0142y Budownictwa i Geodezji im. Hieronima \u0141opaci\u0144skiego w Lublinie, Liceum Og&oacute;lnokszta\u0142c\u0105ce im. A. Mickiewicza w Opolu Lubelskim, Technikum Zespo\u0142u Szk&oacute;\u0142 nr 2 im. Z. Klukowskiego w Szczebrzeszynie.<\/div>\n<div style=\"text-align: justify\">&nbsp;<\/div>\n<div>Link do filmu prezentuj\u0105cego kierunek In\u017cynieria \u015arodowiska realizowany na Wydziale In\u017cynierii Produkcji Uniwersytetu Przyrodniczego w Lublinie podano poni\u017cej:<\/div>\n<div>&nbsp;<\/div>\n<div><a href=\"https:\/\/www.youtube.com\/watch?v=wSTCb-AoPSk&amp;feature=youtu.be\">https:\/\/youtu.be\/wSTCb-AoPSk<\/a><\/div>\n<div>&nbsp;<\/div>\n<div>&nbsp;<\/div>\n<div><img loading=\"lazy\" src=\"\/files\/images\/wk\/media\/1_strona_do_filmu_is.jpg\" alt=\"\" width=\"670\" height=\"474\" \/><\/div>\n<div>&nbsp;<\/div>\n<div>Serdecznie zapraszamy na studia I i II stopnia na Uniwersytecie Przyrodniczym w Lublinie<\/div>\n<p>&nbsp;<\/p>\n","protected":false},"excerpt":{"rendered":"<p>W dniu 05.02.2021 r. na Uniwersytecie Przyrodniczym w Lublinie, w formie online odby\u0142a si\u0119 II edycja Wielkiej Lekcji In\u017cynierii \u015arodowiska. Organizatorem spotkania by\u0142 zesp&oacute;\u0142 pracownik&oacute;w z Wydzia\u0142u In\u017cynierii Produkcji i Wydzia\u0142u Agrobioin\u017cynierii Uniwersytetu Przyrodniczego w Lublinie pod kierunkiem prof. dr hab. Krzysztofa J&oacute;\u017awiakowskiego. &nbsp;&nbsp; &nbsp; Wielk\u0105 Lekcj\u0119 In\u017cynierii \u015arodowiska otworzy\u0142a dr hab. Urszula Kosior-Korzecka, prof. [&hellip;]<\/p>\n","protected":false},"author":2,"featured_media":0,"comment_status":"closed","ping_status":"closed","sticky":false,"template":"","format":"standard","meta":{"_monsterinsights_skip_tracking":false,"_monsterinsights_sitenote_active":false,"_monsterinsights_sitenote_note":"","_monsterinsights_sitenote_category":0},"categories":[12],"tags":[],"_links":{"self":[{"href":"https:\/\/up.lublin.pl\/agrobio\/wp-json\/wp\/v2\/posts\/123639"}],"collection":[{"href":"https:\/\/up.lublin.pl\/agrobio\/wp-json\/wp\/v2\/posts"}],"about":[{"href":"https:\/\/up.lublin.pl\/agrobio\/wp-json\/wp\/v2\/types\/post"}],"author":[{"embeddable":true,"href":"https:\/\/up.lublin.pl\/agrobio\/wp-json\/wp\/v2\/users\/2"}],"replies":[{"embeddable":true,"href":"https:\/\/up.lublin.pl\/agrobio\/wp-json\/wp\/v2\/comments?post=123639"}],"version-history":[{"count":0,"href":"https:\/\/up.lublin.pl\/agrobio\/wp-json\/wp\/v2\/posts\/123639\/revisions"}],"wp:attachment":[{"href":"https:\/\/up.lublin.pl\/agrobio\/wp-json\/wp\/v2\/media?parent=123639"}],"wp:term":[{"taxonomy":"category","embeddable":true,"href":"https:\/\/up.lublin.pl\/agrobio\/wp-json\/wp\/v2\/categories?post=123639"},{"taxonomy":"post_tag","embeddable":true,"href":"https:\/\/up.lublin.pl\/agrobio\/wp-json\/wp\/v2\/tags?post=123639"}],"curies":[{"name":"wp","href":"https:\/\/api.w.org\/{rel}","templated":true}]}}