{"id":123628,"date":"2021-02-05T15:26:47","date_gmt":"2021-02-05T14:26:47","guid":{"rendered":"https:\/\/up.lublin.pl\/blog\/22162\/"},"modified":"2023-05-11T11:37:16","modified_gmt":"2023-05-11T09:37:16","slug":"22162","status":"publish","type":"post","link":"https:\/\/up.lublin.pl\/agrobio\/22162\/","title":{"rendered":"Oferty pracy &#8211; informacja Biura Kszta\u0142cenia Praktycznego i Rozwoju Kompetencji UP w Lublinie"},"content":{"rendered":"<p>&nbsp;<\/p>\n<p>Wi\u0119cej informacji o rynku pracy, w tym wi\u0119cej og\u0142osze\u0144 o prac\u0119 w kraju i zagranic\u0105 jst dost\u0119pnych na stronie: <a href=\"https:\/\/bk.up.lublin.pl\/\" target=\"_blank\" rel=\"noopener noreferrer\">https:\/\/bk.up.lublin.pl\/<\/a><\/p>\n<p>&nbsp;<\/p>\n<p>Jest r\u00f3wnie\u017c mo\u017cliwo\u015b\u0107 korzystania z naszych szkole\u0144, jak r\u00f3wnie\u017c z us\u0142ug doradcy zawodowego:<\/p>\n<p>&#8220;Zapraszamy na doradztwo indywidualne!<\/p>\n<p>Zapraszamy do kontaktu z Pani\u0105 Magdalen\u0105 Bohuniuk &#8211; psychologiem i doradc\u0105 zawodowym, kt\u00f3ra pomo\u017ce przygotowa\u0107 dokumenty aplikacyjne (CV, list motywacyjny), przeprowadzi badanie predyspozycji zawodowych i opracuje indywidualny plan dzia\u0142ania.&#8221;<\/p>\n<p>e-mail: <a href=\"mailto:magdalena.bohuniuk@up.lublin.pl\">magdalena.bohuniuk@up.lublin.pl<\/a><\/p>\n","protected":false},"excerpt":{"rendered":"<p>&nbsp; Wi\u0119cej informacji o rynku pracy, w tym wi\u0119cej og\u0142osze\u0144 o prac\u0119 w kraju i zagranic\u0105 jst dost\u0119pnych na stronie: https:\/\/bk.up.lublin.pl\/ &nbsp; Jest r\u00f3wnie\u017c mo\u017cliwo\u015b\u0107 korzystania z naszych szkole\u0144, jak r\u00f3wnie\u017c z us\u0142ug doradcy zawodowego: &#8220;Zapraszamy na doradztwo indywidualne! Zapraszamy do kontaktu z Pani\u0105 Magdalen\u0105 Bohuniuk &#8211; psychologiem i doradc\u0105 zawodowym, kt\u00f3ra pomo\u017ce przygotowa\u0107 dokumenty [&hellip;]<\/p>\n","protected":false},"author":207,"featured_media":0,"comment_status":"closed","ping_status":"closed","sticky":false,"template":"","format":"standard","meta":{"_monsterinsights_skip_tracking":false,"_monsterinsights_sitenote_active":false,"_monsterinsights_sitenote_note":"","_monsterinsights_sitenote_category":0},"categories":[12],"tags":[],"_links":{"self":[{"href":"https:\/\/up.lublin.pl\/agrobio\/wp-json\/wp\/v2\/posts\/123628"}],"collection":[{"href":"https:\/\/up.lublin.pl\/agrobio\/wp-json\/wp\/v2\/posts"}],"about":[{"href":"https:\/\/up.lublin.pl\/agrobio\/wp-json\/wp\/v2\/types\/post"}],"author":[{"embeddable":true,"href":"https:\/\/up.lublin.pl\/agrobio\/wp-json\/wp\/v2\/users\/207"}],"replies":[{"embeddable":true,"href":"https:\/\/up.lublin.pl\/agrobio\/wp-json\/wp\/v2\/comments?post=123628"}],"version-history":[{"count":2,"href":"https:\/\/up.lublin.pl\/agrobio\/wp-json\/wp\/v2\/posts\/123628\/revisions"}],"predecessor-version":[{"id":151963,"href":"https:\/\/up.lublin.pl\/agrobio\/wp-json\/wp\/v2\/posts\/123628\/revisions\/151963"}],"wp:attachment":[{"href":"https:\/\/up.lublin.pl\/agrobio\/wp-json\/wp\/v2\/media?parent=123628"}],"wp:term":[{"taxonomy":"category","embeddable":true,"href":"https:\/\/up.lublin.pl\/agrobio\/wp-json\/wp\/v2\/categories?post=123628"},{"taxonomy":"post_tag","embeddable":true,"href":"https:\/\/up.lublin.pl\/agrobio\/wp-json\/wp\/v2\/tags?post=123628"}],"curies":[{"name":"wp","href":"https:\/\/api.w.org\/{rel}","templated":true}]}}